{"id":908,"date":"2020-12-08T08:11:31","date_gmt":"2020-12-08T06:11:31","guid":{"rendered":"https:\/\/www.lempikuoro.fi\/?p=908"},"modified":"2020-12-23T17:17:26","modified_gmt":"2020-12-23T15:17:26","slug":"esimakua-konsertista","status":"publish","type":"post","link":"https:\/\/www.lempikuoro.fi\/en\/2020\/12\/08\/esimakua-konsertista\/","title":{"rendered":"Esimakua konser\u00adtista"},"content":{"rendered":"<figure class=\"wp-block-embed-youtube wp-block-embed is-type-video is-provider-youtube wp-embed-aspect-16-9 wp-has-aspect-ratio has-mobile-text-align-center\"><div class=\"wp-block-embed__wrapper\">\n<iframe loading=\"lazy\" title=\"Uusi sointu \/ Concert sneak peak\" width=\"580\" height=\"326\" src=\"https:\/\/www.youtube.com\/embed\/g17cSOVm180?feature=oembed\" frameborder=\"0\" allow=\"accelerometer; autoplay; clipboard-write; encrypted-media; gyroscope; picture-in-picture\" allowfullscreen><\/iframe>\n<\/div><\/figure>\n\n\n\n<p>Sukella Uusi sointu \u2011konsert\u00adtit\u00adrai\u00adlerin my\u00f6t\u00e4 Juhani Komu\u00adlaisen v\u00e4ri\u00adkyl\u00adl\u00e4isen Le Panneaun aaltoi\u00adle\u00advaan \u00e4\u00e4ni\u00admai\u00adse\u00admaan. Koko teos kuul\u00adlaan Lempi\u00adkuoron <a href=\"https:\/\/www.lempikuoro.fi\/en\/konsertit\/uusi-sointu\/\" class=\"ek-link\">tors\u00adtaina 10.12.2020 klo 19 julkais\u00adtavan konsertin<\/a> ilmai\u00adsessa strea\u00adma\u00adtussa ensi-illassa, jossa kuul\u00adlaan monta muutakin vaikut\u00adtavaa kuoro\u00adteosta audio\u00advi\u00adsu\u00adaa\u00adli\u00adsena el\u00e4myk\u00adsen\u00e4. Lempi\u00adm\u00e4sti tervetuloa!<\/p>","protected":false},"excerpt":{"rendered":"<p>Sukella Uusi sointu \u2011konsert\u00adtit\u00adrai\u00adlerin my\u00f6t\u00e4 Juhani Komu\u00adlaisen v\u00e4ri\u00adkyl\u00adl\u00e4isen Le Panneaun aaltoi\u00adle\u00advaan \u00e4\u00e4ni\u00admai\u00adse\u00admaan. Koko teos kuul\u00adlaan Lempi\u00adkuoron tors\u00adtaina 10.12.2020 klo 19 julkais\u00adtavan konsertin ilmai\u00adsessa strea\u00adma\u00adtussa ensi-illassa, jossa kuul\u00adlaan monta muutakin vaikut\u00adtavaa kuoro\u00adteosta audio\u00advi\u00adsu\u00adaa\u00adli\u00adsena el\u00e4myk\u00adsen\u00e4. Lempi\u00adm\u00e4sti tervetuloa!<\/p>","protected":false},"author":2,"featured_media":917,"comment_status":"closed","ping_status":"closed","sticky":false,"template":"","format":"standard","meta":{"_editorskit_title_hidden":false,"_editorskit_reading_time":1,"_editorskit_is_block_options_detached":false,"_editorskit_block_options_position":"{}","_coblocks_attr":"","_coblocks_dimensions":"","_coblocks_responsive_height":"","_coblocks_accordion_ie_support":"","wp_typography_post_enhancements_disabled":false,"_monsterinsights_skip_tracking":false,"_monsterinsights_sitenote_active":false,"_monsterinsights_sitenote_note":"","_monsterinsights_sitenote_category":0,"cybocfi_hide_featured_image":"yes"},"categories":[5],"tags":[24,29,22,19,10,26,28,30,21],"featured_image_urls_v2":{"full":["https:\/\/www.lempikuoro.fi\/wp-content\/uploads\/2020\/12\/Screenshot-2020-12-08-at-8.36.11.png",1370,636,false],"thumbnail":["https:\/\/www.lempikuoro.fi\/wp-content\/uploads\/2020\/12\/Screenshot-2020-12-08-at-8.36.11-150x150.png",150,150,true],"medium":["https:\/\/www.lempikuoro.fi\/wp-content\/uploads\/2020\/12\/Screenshot-2020-12-08-at-8.36.11-300x139.png",300,139,true],"medium_large":["https:\/\/www.lempikuoro.fi\/wp-content\/uploads\/2020\/12\/Screenshot-2020-12-08-at-8.36.11-768x357.png",580,270,true],"large":["https:\/\/www.lempikuoro.fi\/wp-content\/uploads\/2020\/12\/Screenshot-2020-12-08-at-8.36.11-1000x464.png",580,269,true],"1536x1536":["https:\/\/www.lempikuoro.fi\/wp-content\/uploads\/2020\/12\/Screenshot-2020-12-08-at-8.36.11.png",1370,636,false],"2048x2048":["https:\/\/www.lempikuoro.fi\/wp-content\/uploads\/2020\/12\/Screenshot-2020-12-08-at-8.36.11.png",1370,636,false],"trp-custom-language-flag":["https:\/\/www.lempikuoro.fi\/wp-content\/uploads\/2020\/12\/Screenshot-2020-12-08-at-8.36.11.png",18,8,false],"ab-block-post-grid-landscape":["https:\/\/www.lempikuoro.fi\/wp-content\/uploads\/2020\/12\/Screenshot-2020-12-08-at-8.36.11.png",600,279,false],"ab-block-post-grid-square":["https:\/\/www.lempikuoro.fi\/wp-content\/uploads\/2020\/12\/Screenshot-2020-12-08-at-8.36.11.png",600,279,false],"ultp_layout_landscape_large":["https:\/\/www.lempikuoro.fi\/wp-content\/uploads\/2020\/12\/Screenshot-2020-12-08-at-8.36.11-1200x636.png",1200,636,true],"ultp_layout_landscape":["https:\/\/www.lempikuoro.fi\/wp-content\/uploads\/2020\/12\/Screenshot-2020-12-08-at-8.36.11-870x570.png",870,570,true],"ultp_layout_portrait":["https:\/\/www.lempikuoro.fi\/wp-content\/uploads\/2020\/12\/Screenshot-2020-12-08-at-8.36.11-600x636.png",600,636,true],"ultp_layout_square":["https:\/\/www.lempikuoro.fi\/wp-content\/uploads\/2020\/12\/Screenshot-2020-12-08-at-8.36.11-600x600.png",600,600,true],"post-thumbnail":["https:\/\/www.lempikuoro.fi\/wp-content\/uploads\/2020\/12\/Screenshot-2020-12-08-at-8.36.11-1200x557.png",1200,557,true],"twentytwenty-fullscreen":["https:\/\/www.lempikuoro.fi\/wp-content\/uploads\/2020\/12\/Screenshot-2020-12-08-at-8.36.11.png",1370,636,false],"woocommerce_thumbnail":["https:\/\/www.lempikuoro.fi\/wp-content\/uploads\/2020\/12\/Screenshot-2020-12-08-at-8.36.11-450x450.png",450,450,true],"woocommerce_single":["https:\/\/www.lempikuoro.fi\/wp-content\/uploads\/2020\/12\/Screenshot-2020-12-08-at-8.36.11-600x279.png",600,279,true],"woocommerce_gallery_thumbnail":["https:\/\/www.lempikuoro.fi\/wp-content\/uploads\/2020\/12\/Screenshot-2020-12-08-at-8.36.11-100x100.png",100,100,true]},"post_excerpt_stackable_v2":"<p>Sukella Uusi sointu -konserttitrailerin my\u00f6t\u00e4 Juhani Komulaisen v\u00e4rikyll\u00e4isen Le Panneaun aaltoilevaan \u00e4\u00e4nimaisemaan. Koko teos kuullaan Lempikuoron torstaina 10.12.2020 klo 19 julkaistavan konsertin ilmaisessa streamatussa ensi-illassa, jossa kuullaan monta muutakin vaikuttavaa kuoroteosta audiovisuaalisena el\u00e4myksen\u00e4. Lempim\u00e4sti tervetuloa!<\/p>\n","category_list_v2":"<a href=\"https:\/\/www.lempikuoro.fi\/en\/category\/blog\/konsertit\/\" rel=\"category tag\">Konsertit<\/a>","author_info_v2":{"name":"Elissa Shaw","url":"https:\/\/www.lempikuoro.fi\/en\/author\/elissa\/"},"comments_num_v2":"0 comments","yoast_head":"<!-- This site is optimized with the Yoast SEO plugin v21.5 - https:\/\/yoast.com\/wordpress\/plugins\/seo\/ -->\n<title>Esimakua konsertista - Lempikuoro<\/title>\n<meta name=\"robots\" content=\"index, follow, max-snippet:-1, max-image-preview:large, max-video-preview:-1\" \/>\n<link rel=\"canonical\" href=\"https:\/\/www.lempikuoro.fi\/en\/2020\/12\/08\/esimakua-konsertista\/\" \/>\n<meta property=\"og:locale\" content=\"en_GB\" \/>\n<meta property=\"og:type\" content=\"article\" \/>\n<meta property=\"og:title\" content=\"Esimakua konsertista - Lempikuoro\" \/>\n<meta property=\"og:description\" content=\"Sukella Uusi sointu -konserttitrailerin my\u00f6t\u00e4 Juhani Komulaisen v\u00e4rikyll\u00e4isen Le Panneaun aaltoilevaan \u00e4\u00e4nimaisemaan. Koko teos kuullaan Lempikuoron torstaina 10.12.2020 klo 19 julkaistavan konsertin ilmaisessa streamatussa ensi-illassa, jossa kuullaan monta muutakin vaikuttavaa kuoroteosta audiovisuaalisena el\u00e4myksen\u00e4. Lempim\u00e4sti tervetuloa!\" \/>\n<meta property=\"og:url\" content=\"https:\/\/www.lempikuoro.fi\/en\/2020\/12\/08\/esimakua-konsertista\/\" \/>\n<meta property=\"og:site_name\" content=\"Lempikuoro\" \/>\n<meta property=\"article:publisher\" content=\"https:\/\/www.facebook.com\/lempikuoro\" \/>\n<meta property=\"article:published_time\" content=\"2020-12-08T06:11:31+00:00\" \/>\n<meta property=\"article:modified_time\" content=\"2020-12-23T15:17:26+00:00\" \/>\n<meta property=\"og:image\" content=\"https:\/\/www.lempikuoro.fi\/wp-content\/uploads\/2020\/12\/Screenshot-2020-12-08-at-8.36.11.png\" \/>\n\t<meta property=\"og:image:width\" content=\"1370\" \/>\n\t<meta property=\"og:image:height\" content=\"636\" \/>\n\t<meta property=\"og:image:type\" content=\"image\/png\" \/>\n<meta name=\"author\" content=\"Elissa Shaw\" \/>\n<meta name=\"twitter:card\" content=\"summary_large_image\" \/>\n<meta name=\"twitter:label1\" content=\"Written by\" \/>\n\t<meta name=\"twitter:data1\" content=\"Elissa Shaw\" \/>\n<script type=\"application\/ld+json\" class=\"yoast-schema-graph\">{\"@context\":\"https:\/\/schema.org\",\"@graph\":[{\"@type\":\"Article\",\"@id\":\"https:\/\/www.lempikuoro.fi\/2020\/12\/08\/esimakua-konsertista\/#article\",\"isPartOf\":{\"@id\":\"https:\/\/www.lempikuoro.fi\/2020\/12\/08\/esimakua-konsertista\/\"},\"author\":{\"name\":\"Elissa Shaw\",\"@id\":\"https:\/\/www.lempikuoro.fi\/#\/schema\/person\/773a546c1430e1bb1c6e9a206dbff7b0\"},\"headline\":\"Esimakua konsertista\",\"datePublished\":\"2020-12-08T06:11:31+00:00\",\"dateModified\":\"2020-12-23T15:17:26+00:00\",\"mainEntityOfPage\":{\"@id\":\"https:\/\/www.lempikuoro.fi\/2020\/12\/08\/esimakua-konsertista\/\"},\"wordCount\":45,\"publisher\":{\"@id\":\"https:\/\/www.lempikuoro.fi\/#organization\"},\"keywords\":[\"choir\",\"concert trailer\",\"debut concert\",\"ensikonsertti\",\"lempikuoro\",\"sekakuoro\",\"sneak peek\",\"uusi sointu\",\"youtube\"],\"articleSection\":[\"Konsertit\"],\"inLanguage\":\"en-GB\"},{\"@type\":\"WebPage\",\"@id\":\"https:\/\/www.lempikuoro.fi\/2020\/12\/08\/esimakua-konsertista\/\",\"url\":\"https:\/\/www.lempikuoro.fi\/2020\/12\/08\/esimakua-konsertista\/\",\"name\":\"Esimakua konsertista - Lempikuoro\",\"isPartOf\":{\"@id\":\"https:\/\/www.lempikuoro.fi\/#website\"},\"datePublished\":\"2020-12-08T06:11:31+00:00\",\"dateModified\":\"2020-12-23T15:17:26+00:00\",\"breadcrumb\":{\"@id\":\"https:\/\/www.lempikuoro.fi\/2020\/12\/08\/esimakua-konsertista\/#breadcrumb\"},\"inLanguage\":\"en-GB\",\"potentialAction\":[{\"@type\":\"ReadAction\",\"target\":[\"https:\/\/www.lempikuoro.fi\/2020\/12\/08\/esimakua-konsertista\/\"]}]},{\"@type\":\"BreadcrumbList\",\"@id\":\"https:\/\/www.lempikuoro.fi\/2020\/12\/08\/esimakua-konsertista\/#breadcrumb\",\"itemListElement\":[{\"@type\":\"ListItem\",\"position\":1,\"name\":\"Home\",\"item\":\"https:\/\/www.lempikuoro.fi\/\"},{\"@type\":\"ListItem\",\"position\":2,\"name\":\"Esimakua konser\u00adtista\"}]},{\"@type\":\"WebSite\",\"@id\":\"https:\/\/www.lempikuoro.fi\/#website\",\"url\":\"https:\/\/www.lempikuoro.fi\/\",\"name\":\"Lempikuoro\",\"description\":\"\",\"publisher\":{\"@id\":\"https:\/\/www.lempikuoro.fi\/#organization\"},\"potentialAction\":[{\"@type\":\"SearchAction\",\"target\":{\"@type\":\"EntryPoint\",\"urlTemplate\":\"https:\/\/www.lempikuoro.fi\/?s={search_term_string}\"},\"query-input\":\"required name=search_term_string\"}],\"inLanguage\":\"en-GB\"},{\"@type\":\"Organization\",\"@id\":\"https:\/\/www.lempikuoro.fi\/#organization\",\"name\":\"Lempikuoro\",\"url\":\"https:\/\/www.lempikuoro.fi\/\",\"logo\":{\"@type\":\"ImageObject\",\"inLanguage\":\"en-GB\",\"@id\":\"https:\/\/www.lempikuoro.fi\/#\/schema\/logo\/image\/\",\"url\":\"https:\/\/www.lempikuoro.fi\/wp-content\/uploads\/2020\/10\/Lempilogo_mustavalko2-scaled.jpeg\",\"contentUrl\":\"https:\/\/www.lempikuoro.fi\/wp-content\/uploads\/2020\/10\/Lempilogo_mustavalko2-scaled.jpeg\",\"width\":2560,\"height\":1810,\"caption\":\"Lempikuoro\"},\"image\":{\"@id\":\"https:\/\/www.lempikuoro.fi\/#\/schema\/logo\/image\/\"},\"sameAs\":[\"https:\/\/www.facebook.com\/lempikuoro\",\"https:\/\/www.instagram.com\/lempikuoro\/\",\"https:\/\/www.youtube.com\/channel\/UCm_CS0Ua7SgpTTpxF7Q91dQ\"]},{\"@type\":\"Person\",\"@id\":\"https:\/\/www.lempikuoro.fi\/#\/schema\/person\/773a546c1430e1bb1c6e9a206dbff7b0\",\"name\":\"Elissa Shaw\",\"image\":{\"@type\":\"ImageObject\",\"inLanguage\":\"en-GB\",\"@id\":\"https:\/\/www.lempikuoro.fi\/#\/schema\/person\/image\/\",\"url\":\"https:\/\/secure.gravatar.com\/avatar\/c721e27d785cb2000aa3420ee82bd0cb?s=96&d=mm&r=g\",\"contentUrl\":\"https:\/\/secure.gravatar.com\/avatar\/c721e27d785cb2000aa3420ee82bd0cb?s=96&d=mm&r=g\",\"caption\":\"Elissa Shaw\"}}]}<\/script>\n<!-- \/ Yoast SEO plugin. -->","yoast_head_json":{"title":"Esimakua konser\u00adtista \u2014 Lempikuoro","robots":{"index":"index","follow":"follow","max-snippet":"max-snippet:-1","max-image-preview":"max-image-preview:large","max-video-preview":"max-video-preview:-1"},"canonical":"https:\/\/www.lempikuoro.fi\/en\/2020\/12\/08\/esimakua-konsertista\/","og_locale":"en_GB","og_type":"article","og_title":"Esimakua konsertista - Lempikuoro","og_description":"Sukella Uusi sointu -konserttitrailerin my\u00f6t\u00e4 Juhani Komulaisen v\u00e4rikyll\u00e4isen Le Panneaun aaltoilevaan \u00e4\u00e4nimaisemaan. Koko teos kuullaan Lempikuoron torstaina 10.12.2020 klo 19 julkaistavan konsertin ilmaisessa streamatussa ensi-illassa, jossa kuullaan monta muutakin vaikuttavaa kuoroteosta audiovisuaalisena el\u00e4myksen\u00e4. Lempim\u00e4sti tervetuloa!","og_url":"https:\/\/www.lempikuoro.fi\/en\/2020\/12\/08\/esimakua-konsertista\/","og_site_name":"Lempikuoro","article_publisher":"https:\/\/www.facebook.com\/lempikuoro","article_published_time":"2020-12-08T06:11:31+00:00","article_modified_time":"2020-12-23T15:17:26+00:00","og_image":[{"width":1370,"height":636,"url":"https:\/\/www.lempikuoro.fi\/wp-content\/uploads\/2020\/12\/Screenshot-2020-12-08-at-8.36.11.png","type":"image\/png"}],"author":"Elissa Shaw","twitter_card":"summary_large_image","twitter_misc":{"Written by":"Elissa Shaw"},"schema":{"@context":"https:\/\/schema.org","@graph":[{"@type":"Article","@id":"https:\/\/www.lempikuoro.fi\/2020\/12\/08\/esimakua-konsertista\/#article","isPartOf":{"@id":"https:\/\/www.lempikuoro.fi\/2020\/12\/08\/esimakua-konsertista\/"},"author":{"name":"Elissa Shaw","@id":"https:\/\/www.lempikuoro.fi\/#\/schema\/person\/773a546c1430e1bb1c6e9a206dbff7b0"},"headline":"Esimakua konsertista","datePublished":"2020-12-08T06:11:31+00:00","dateModified":"2020-12-23T15:17:26+00:00","mainEntityOfPage":{"@id":"https:\/\/www.lempikuoro.fi\/2020\/12\/08\/esimakua-konsertista\/"},"wordCount":45,"publisher":{"@id":"https:\/\/www.lempikuoro.fi\/#organization"},"keywords":["choir","concert trailer","debut concert","ensikonsertti","lempikuoro","sekakuoro","sneak peek","uusi sointu","youtube"],"articleSection":["Konsertit"],"inLanguage":"en-GB"},{"@type":"WebPage","@id":"https:\/\/www.lempikuoro.fi\/2020\/12\/08\/esimakua-konsertista\/","url":"https:\/\/www.lempikuoro.fi\/2020\/12\/08\/esimakua-konsertista\/","name":"Esimakua konser\u00adtista \u2014 Lempikuoro","isPartOf":{"@id":"https:\/\/www.lempikuoro.fi\/#website"},"datePublished":"2020-12-08T06:11:31+00:00","dateModified":"2020-12-23T15:17:26+00:00","breadcrumb":{"@id":"https:\/\/www.lempikuoro.fi\/2020\/12\/08\/esimakua-konsertista\/#breadcrumb"},"inLanguage":"en-GB","potentialAction":[{"@type":"ReadAction","target":["https:\/\/www.lempikuoro.fi\/2020\/12\/08\/esimakua-konsertista\/"]}]},{"@type":"BreadcrumbList","@id":"https:\/\/www.lempikuoro.fi\/2020\/12\/08\/esimakua-konsertista\/#breadcrumb","itemListElement":[{"@type":"ListItem","position":1,"name":"Home","item":"https:\/\/www.lempikuoro.fi\/"},{"@type":"ListItem","position":2,"name":"Esimakua konser\u00adtista"}]},{"@type":"WebSite","@id":"https:\/\/www.lempikuoro.fi\/#website","url":"https:\/\/www.lempikuoro.fi\/","name":"Lempi\u00adkuoro","description":"","publisher":{"@id":"https:\/\/www.lempikuoro.fi\/#organization"},"potentialAction":[{"@type":"SearchAction","target":{"@type":"EntryPoint","urlTemplate":"https:\/\/www.lempikuoro.fi\/?s={search_term_string}"},"query-input":"required name=search_term_string"}],"inLanguage":"en-GB"},{"@type":"Organization","@id":"https:\/\/www.lempikuoro.fi\/#organization","name":"Lempi\u00adkuoro","url":"https:\/\/www.lempikuoro.fi\/","logo":{"@type":"ImageObject","inLanguage":"en-GB","@id":"https:\/\/www.lempikuoro.fi\/#\/schema\/logo\/image\/","url":"https:\/\/www.lempikuoro.fi\/wp-content\/uploads\/2020\/10\/Lempilogo_mustavalko2-scaled.jpeg","contentUrl":"https:\/\/www.lempikuoro.fi\/wp-content\/uploads\/2020\/10\/Lempilogo_mustavalko2-scaled.jpeg","width":2560,"height":1810,"caption":"Lempikuoro"},"image":{"@id":"https:\/\/www.lempikuoro.fi\/#\/schema\/logo\/image\/"},"sameAs":["https:\/\/www.facebook.com\/lempikuoro","https:\/\/www.instagram.com\/lempikuoro\/","https:\/\/www.youtube.com\/channel\/UCm_CS0Ua7SgpTTpxF7Q91dQ"]},{"@type":"Person","@id":"https:\/\/www.lempikuoro.fi\/#\/schema\/person\/773a546c1430e1bb1c6e9a206dbff7b0","name":"Elissa Shaw","image":{"@type":"ImageObject","inLanguage":"en-GB","@id":"https:\/\/www.lempikuoro.fi\/#\/schema\/person\/image\/","url":"https:\/\/secure.gravatar.com\/avatar\/c721e27d785cb2000aa3420ee82bd0cb?s=96&d=mm&r=g","contentUrl":"https:\/\/secure.gravatar.com\/avatar\/c721e27d785cb2000aa3420ee82bd0cb?s=96&d=mm&r=g","caption":"Elissa Shaw"}}]}},"featured_image_src":"https:\/\/www.lempikuoro.fi\/wp-content\/uploads\/2020\/12\/Screenshot-2020-12-08-at-8.36.11.png","featured_image_src_square":"https:\/\/www.lempikuoro.fi\/wp-content\/uploads\/2020\/12\/Screenshot-2020-12-08-at-8.36.11.png","author_info":{"display_name":"Elissa Shaw","author_link":"https:\/\/www.lempikuoro.fi\/en\/author\/elissa\/"},"_links":{"self":[{"href":"https:\/\/www.lempikuoro.fi\/en\/wp-json\/wp\/v2\/posts\/908"}],"collection":[{"href":"https:\/\/www.lempikuoro.fi\/en\/wp-json\/wp\/v2\/posts"}],"about":[{"href":"https:\/\/www.lempikuoro.fi\/en\/wp-json\/wp\/v2\/types\/post"}],"author":[{"embeddable":true,"href":"https:\/\/www.lempikuoro.fi\/en\/wp-json\/wp\/v2\/users\/2"}],"replies":[{"embeddable":true,"href":"https:\/\/www.lempikuoro.fi\/en\/wp-json\/wp\/v2\/comments?post=908"}],"version-history":[{"count":4,"href":"https:\/\/www.lempikuoro.fi\/en\/wp-json\/wp\/v2\/posts\/908\/revisions"}],"predecessor-version":[{"id":916,"href":"https:\/\/www.lempikuoro.fi\/en\/wp-json\/wp\/v2\/posts\/908\/revisions\/916"}],"wp:featuredmedia":[{"embeddable":true,"href":"https:\/\/www.lempikuoro.fi\/en\/wp-json\/wp\/v2\/media\/917"}],"wp:attachment":[{"href":"https:\/\/www.lempikuoro.fi\/en\/wp-json\/wp\/v2\/media?parent=908"}],"wp:term":[{"taxonomy":"category","embeddable":true,"href":"https:\/\/www.lempikuoro.fi\/en\/wp-json\/wp\/v2\/categories?post=908"},{"taxonomy":"post_tag","embeddable":true,"href":"https:\/\/www.lempikuoro.fi\/en\/wp-json\/wp\/v2\/tags?post=908"}],"curies":[{"name":"wp","href":"https:\/\/api.w.org\/{rel}","templated":true}]}}