{"id":2833,"date":"2024-10-01T20:43:12","date_gmt":"2024-10-01T18:43:12","guid":{"rendered":"https:\/\/www.lempikuoro.fi\/?p=2833"},"modified":"2024-11-06T10:15:23","modified_gmt":"2024-11-06T08:15:23","slug":"lempikuoron-5-vuotisjuhlakonsertti-la-23-11-2024","status":"publish","type":"post","link":"https:\/\/www.lempikuoro.fi\/en\/2024\/10\/01\/lempikuoron-5-vuotisjuhlakonsertti-la-23-11-2024\/","title":{"rendered":"Lempi\u00adkuoron 5\u2011vuotisjuhlakonsertti la 23.11.2024"},"content":{"rendered":"<div class=\"wp-block-stackable-spacer stk-block-spacer stk--no-padding stk-block stk-93ffc40\" data-block-id=\"93ffc40\"><style>.stk-93ffc40{height:30px !important}<\/style><\/div>\n\n\n\n<p><strong>OI LEMPI!<\/strong><br>Lempi\u00adkuoron 5\u2011vuotisjuhlakonsertti<br>Johtaa Julia Lainema<br>Lauan\u00adtaina 23.11.2024 klo 15.00<br>Meilahden kirkko, Pihla\u00adjatie 16, Helsinki<br><br><a aria-label=\"Facebook-tapahtuma (opens in a new tab)\" href=\"https:\/\/fb.me\/e\/4NpM2PkE1\" target=\"_blank\" rel=\"noreferrer noopener\" class=\"ek-link\">Face\u00adbook-tapah\u00adtuma<\/a><br><br>\u00c4\u00e4ni her\u00e4tt\u00e4\u00e4 aistit, luo mieli\u00adkuvia ja kurkottaa sanoja syvem\u00adm\u00e4lle. Lempi\u00adkuoron 5\u2011vuotisjuhlakonsertissa \u00e4\u00e4nemme soivat monin eri tavoin, niin kuoro\u00adlau\u00adla\u00adjina kuin soit\u00adta\u00adjina, s\u00e4vel\u00adt\u00e4\u00adjin\u00e4 ja solis\u00adteina. Kutsumme kuulijat juhli\u00admaan viisi\u00advuo\u00adtista taival\u00adtamme ja tutus\u00adtu\u00admaan siihen, mink\u00e4\u00adlaisia \u00e4\u00e4ni\u00e4 kuoros\u00adtamme l\u00f6ytyy.<br><br>Aivan uusia \u00e4\u00e4ni\u00e4 kuul\u00adlaan, kun konser\u00adtissa kantae\u00adsi\u00adte\u00adt\u00e4\u00e4n kuorossa laula\u00advien Antti Suoma\u00adlaisen ja Lassi Vihkon s\u00e4vel\u00adlykset Aurinko laskee ja Myrsky. Anders Hill\u00adborgin taian\u00adomai\u00adsessa En midsom\u00admar\u00adnattsdr\u00f6\u00admiss\u00e4 laulu taipuu matki\u00admaan lintujen \u00e4\u00e4ni\u00e4, ja Jaakko M\u00e4nty\u00adj\u00e4rven harvoin kuullun nine dawn waterco\u00adlours \u2011teoksen \u00e4\u00e4nten kudelma johdattaa kuulijan ihai\u00adle\u00admaan aurin\u00adgon\u00adlaskun v\u00e4rj\u00e4\u00e4m\u00e4\u00e4 hori\u00adsonttia. Reena Esmailin When the violin punoo yhteen kuoron ja sellon \u00e4\u00e4net, ja Jose\u00adfine Lind\u00adstrandin viil\u00adt\u00e4v\u00e4n kaunis S\u00e5nger fr\u00e5n berget tuo laula\u00adjien rinnalle trum\u00adpetin soinnin. \u00c4\u00e4nen v\u00e4kev\u00e4\u00e4 voimaa ja pys\u00e4yt\u00adt\u00e4v\u00e4\u00e4 herk\u00adkyytt\u00e4 kuul\u00adlaan baltia\u00adlaisten Evelin Sepparin ja Vytautas Mi\u0161ki\u00adnisin teok\u00adsissa Seesama meri ja Dum medium silen\u00adtium.<br><br>Konsertin kesto on noin 1,5 tuntia.<br><br>LIPUT: 20 \/ 10 euroa. Alen\u00adnus\u00adhin\u00adtai\u00adseen lippuun ovat oikeu\u00adtet\u00adtuja opis\u00adke\u00adlijat, el\u00e4ke\u00adl\u00e4iset ja ty\u00f6t\u00adt\u00f6m\u00e4t. Alle 15-vuotiaat veloi\u00adtuk\u00adsetta.<br>Liput ovelta tai <a aria-label=\"lippukaupasta (opens in a new tab)\" href=\"https:\/\/www.lempikuoro.fi\/en\/kauppa\/\" target=\"_blank\" rel=\"noreferrer noopener\" class=\"ek-link\">lippu\u00adkau\u00adpasta<\/a>.<br>Ovelta saata\u00advissa my\u00f6s \u201dmaksa mit\u00e4 pystyt\/haluat\u201d \u2011lippuja.<br><br>ESTEET\u00adT\u00d6\u00adMYYS: Tila on esteet\u00f6n.<br><br>TURVAL\u00adLI\u00adSEMPI TILA: Lempi\u00adkuoron konser\u00adteissa nouda\u00adte\u00adtaan turval\u00adli\u00adsemman tilan peri\u00adaat\u00adteita.<br><br>LEMPI\u00adKUORO: Vuonna 2019 perus\u00adtettu helsin\u00adki\u00adl\u00e4inen Lempi\u00adkuoro palkit\u00adtiin vuoden 2023 Tampe\u00adreen S\u00e4vel \u2011kuoro\u00adkat\u00adsel\u00admuk\u00adsessa kahdella kulta\u00adlei\u00admalla. Nelj\u00e4s\u00adt\u00e4\u00adkym\u00adme\u00adnest\u00e4 koke\u00adneesta laulu\u00adhar\u00adras\u00adta\u00adjasta koos\u00adtuva seka\u00adkuoro on tehnyt ennak\u00adko\u00adluu\u00adlot\u00adto\u00admasti yhteis\u00adty\u00f6t\u00e4 monen\u00adlaisten kuorojen, artis\u00adtien ja s\u00e4vel\u00adt\u00e4\u00adjien kanssa. Lempi\u00adkuoro on muun muassa esiin\u00adtynyt Venet\u00adsian bien\u00adnaa\u00adlissa palkit\u00adtujen liet\u00adtua\u00adlais\u00adtai\u00adtei\u00adli\u00adjoiden Sun &amp; Sea \u2011ooppe\u00adra\u00adteok\u00adsessa sek\u00e4 toteut\u00adtanut Pulitzer- ja Grammy-palkitun yhdys\u00adval\u00adta\u00adlais\u00ads\u00e4\u00advel\u00adt\u00e4j\u00e4n Caro\u00adline Shaw\u2019n To the Hands \u2011teoksen Suomen kantae\u00adsi\u00adtyksen Nome-jousiyh\u00adtyeen kanssa. Kuoroa johtaa Julia Lainema, joka on valmis\u00adtunut Sibe\u00adlius-Akate\u00admian kuoron\u00adjohdon koulu\u00adtus\u00adoh\u00adjel\u00admasta vuonna 2022. Lainema johtaa my\u00f6s Ahjo Ensemble\u00e4, Kaari-ensemble\u00e4 ja Kama\u00adri\u00adkuoro N\u00e4si\u00e4.<br><br>L\u00e4mpi\u00adm\u00e4sti terve\u00adtuloa konserttiin!<\/p>\n\n\n\n<p><strong>O LEMPI!<\/strong><br>Lempikuoro\u2019s 5th anni\u00adver\u00adsary concert<br>Conducted by Julia Lainema<br>Saturday 23.11.2024 at 15.00<br>Meilahti Church, Pihla\u00adjatie 16, Helsinki<br><br><a aria-label=\"Facebook-event (opens in a new tab)\" href=\"https:\/\/fb.me\/e\/4NpM2PkE1\" target=\"_blank\" rel=\"noreferrer noopener\" class=\"ek-link\">Face\u00adbook-event<\/a><br><br>Sound awakens the senses, creates mental images, and reaches deeper than words. In Lempikuoro\u2019s 5th anni\u00adver\u00adsary concert, we create a variety of diffe\u00adrent sounds together as choir singers, instru\u00admen\u00adta\u00adlists, compo\u00adsers, and soloists. We invite the audience to celebrate our five-year journey and explore the kinds of sounds our choir has to offer.<br><br>Enti\u00adrely new sounds will be heard when compo\u00adsi\u00adtions by choir members Antti Suoma\u00adlainen and Lassi Vihko \u2014 Aurinko laskee (The Sun Sets) and Myrsky (The Storm) \u2014 premiere during the concert. In Anders Hillborg\u2019s magical En midsom\u00admar\u00adnattsdr\u00f6m (A Midsummer Night\u2019s Dream), singers mimic bird song, and the interwoven voices in Jaakko M\u00e4ntyj\u00e4rvi\u2019s rarely performed Nine Dawn Waterco\u00adlours guide the listener to admire a horizon painted by the sunset. Reena Esmail\u2019s When the Violin combines the sounds of the choir and cello, and Jose\u00adfine Lindstrand\u2019s haun\u00adtingly beau\u00adtiful S\u00e5nger fr\u00e5n berget (Songs from the Moun\u00adtain) pairs choir song with the sound of the trumpet. The powerful strength and breath\u00adta\u00adking sensi\u00adti\u00advity of the human voice can be heard in the compo\u00adsi\u00adtions Seesama meri (The Same Sea) and Dum medium silen\u00adtium (While in the Midst of Silence) by Baltic compo\u00adsers Evelin Seppar and Vytautas Mi\u0161kinis.<br><br>The dura\u00adtion of the concert is approxi\u00adma\u00adtely 1.5 hours.<br><br>TICKETS: \u20ac20\/10. Discounted tickets are avai\u00adlable for students, pensio\u00adners, and unemployed atten\u00addees. Free admis\u00adsion for children under 15.<br>Tickets avai\u00adlable at the door or from the <a aria-label=\"online store (opens in a new tab)\" href=\"https:\/\/www.lempikuoro.fi\/en\/kauppa\/\" target=\"_blank\" rel=\"noreferrer noopener\" class=\"ek-link\">online store<\/a>.<br>At the door, you can also get \u2019pay what you can\/want\u2019 tickets.<br><br>ACCES\u00adSI\u00adBI\u00adLITY: The venue is acces\u00adsible.<br><br>SAFER SPACE: In Lempi\u00adkuoro concerts, safer space principles are followed.<br><br>LEMPI\u00adKUORO: Lempi\u00adkuoro was founded in 2019 in Helsinki and was awarded with two gold stamps in the 2023 Tampe\u00adreen S\u00e4vel chorus review. This mixed choir composed of forty expe\u00adrienced singers has worked together with a wide range of choirs, artists, and compo\u00adsers. For example, Lempi\u00adkuoro has performed in the Sun &amp; Sea opera and performed Pulitzer- and Grammy-winning US composer Caro\u00adline Shaw\u2019s piece To the Hands in its Finland premiere together with the string quartet Nome. The choir is conducted by Julia Lainema, who graduated from the Choral Conduc\u00adting programme in Sibe\u00adlius Academy in 2022. Lainema is also the conductor for the choirs Ahjo Ensemble, Kaari ensemble and chamber choir N\u00e4si.<br><br>A warm welcome to our concert!<\/p>","protected":false},"excerpt":{"rendered":"<p>OI LEMPI!Lempikuoron 5-vuotisjuhlakonserttiJohtaa Julia LainemaLauantaina 23.11.2024 klo 15.00Meilahden kirkko, Pihlajatie 16, Helsinki Facebook-tapahtuma \u00c4\u00e4ni her\u00e4tt\u00e4\u00e4 aistit, luo mielikuvia ja kurkottaa sanoja syvemm\u00e4lle. Lempikuoron 5-vuotisjuhlakonsertissa \u00e4\u00e4nemme soivat monin eri tavoin, niin kuorolaulajina kuin soittajina, s\u00e4velt\u00e4jin\u00e4 ja solisteina. Kutsumme kuulijat juhlimaan viisivuotista taivaltamme ja tutustumaan siihen, mink\u00e4laisia \u00e4\u00e4ni\u00e4 kuorostamme l\u00f6ytyy. Aivan uusia \u00e4\u00e4ni\u00e4 kuullaan, kun konsertissa kantaesitet\u00e4\u00e4n [&hellip;]<\/p>\n","protected":false},"author":1,"featured_media":2836,"comment_status":"closed","ping_status":"closed","sticky":false,"template":"","format":"standard","meta":{"_editorskit_title_hidden":false,"_editorskit_reading_time":1,"_editorskit_is_block_options_detached":false,"_editorskit_block_options_position":"{}","_coblocks_attr":"","_coblocks_dimensions":"","_coblocks_responsive_height":"","_coblocks_accordion_ie_support":"","wp_typography_post_enhancements_disabled":false,"_monsterinsights_skip_tracking":false,"_monsterinsights_sitenote_active":false,"_monsterinsights_sitenote_note":"","_monsterinsights_sitenote_category":0,"cybocfi_hide_featured_image":""},"categories":[5],"tags":[395,37,13,10,45],"featured_image_urls_v2":{"full":["https:\/\/www.lempikuoro.fi\/wp-content\/uploads\/2024\/10\/Oi-Lempi_visu.png",2481,1754,false],"thumbnail":["https:\/\/www.lempikuoro.fi\/wp-content\/uploads\/2024\/10\/Oi-Lempi_visu-150x150.png",150,150,true],"medium":["https:\/\/www.lempikuoro.fi\/wp-content\/uploads\/2024\/10\/Oi-Lempi_visu-300x212.png",300,212,true],"medium_large":["https:\/\/www.lempikuoro.fi\/wp-content\/uploads\/2024\/10\/Oi-Lempi_visu-768x543.png",580,410,true],"large":["https:\/\/www.lempikuoro.fi\/wp-content\/uploads\/2024\/10\/Oi-Lempi_visu-1000x707.png",580,410,true],"1536x1536":["https:\/\/www.lempikuoro.fi\/wp-content\/uploads\/2024\/10\/Oi-Lempi_visu-1536x1086.png",1536,1086,true],"2048x2048":["https:\/\/www.lempikuoro.fi\/wp-content\/uploads\/2024\/10\/Oi-Lempi_visu-2048x1448.png",2048,1448,true],"trp-custom-language-flag":["https:\/\/www.lempikuoro.fi\/wp-content\/uploads\/2024\/10\/Oi-Lempi_visu-18x12.png",18,12,true],"ab-block-post-grid-landscape":["https:\/\/www.lempikuoro.fi\/wp-content\/uploads\/2024\/10\/Oi-Lempi_visu-600x400.png",600,400,true],"ab-block-post-grid-square":["https:\/\/www.lempikuoro.fi\/wp-content\/uploads\/2024\/10\/Oi-Lempi_visu-600x600.png",600,600,true],"ultp_layout_landscape_large":["https:\/\/www.lempikuoro.fi\/wp-content\/uploads\/2024\/10\/Oi-Lempi_visu-1200x800.png",1200,800,true],"ultp_layout_landscape":["https:\/\/www.lempikuoro.fi\/wp-content\/uploads\/2024\/10\/Oi-Lempi_visu-870x570.png",870,570,true],"ultp_layout_portrait":["https:\/\/www.lempikuoro.fi\/wp-content\/uploads\/2024\/10\/Oi-Lempi_visu-600x900.png",600,900,true],"ultp_layout_square":["https:\/\/www.lempikuoro.fi\/wp-content\/uploads\/2024\/10\/Oi-Lempi_visu-600x600.png",600,600,true],"post-thumbnail":["https:\/\/www.lempikuoro.fi\/wp-content\/uploads\/2024\/10\/Oi-Lempi_visu-1200x848.png",1200,848,true],"twentytwenty-fullscreen":["https:\/\/www.lempikuoro.fi\/wp-content\/uploads\/2024\/10\/Oi-Lempi_visu-1980x1400.png",1980,1400,true],"woocommerce_thumbnail":["https:\/\/www.lempikuoro.fi\/wp-content\/uploads\/2024\/10\/Oi-Lempi_visu-450x450.png",450,450,true],"woocommerce_single":["https:\/\/www.lempikuoro.fi\/wp-content\/uploads\/2024\/10\/Oi-Lempi_visu-600x424.png",600,424,true],"woocommerce_gallery_thumbnail":["https:\/\/www.lempikuoro.fi\/wp-content\/uploads\/2024\/10\/Oi-Lempi_visu-100x100.png",100,100,true]},"post_excerpt_stackable_v2":"<p>OI LEMPI!Lempikuoron 5-vuotisjuhlakonserttiJohtaa Julia LainemaLauantaina 23.11.2024 klo 15.00Meilahden kirkko, Pihlajatie 16, HelsinkiFacebook-tapahtuma\u00c4\u00e4ni her\u00e4tt\u00e4\u00e4 aistit, luo mielikuvia ja kurkottaa sanoja syvemm\u00e4lle. Lempikuoron 5-vuotisjuhlakonsertissa \u00e4\u00e4nemme soivat monin eri tavoin, niin kuorolaulajina kuin soittajina, s\u00e4velt\u00e4jin\u00e4 ja solisteina. Kutsumme kuulijat juhlimaan viisivuotista taivaltamme ja tutustumaan siihen, mink\u00e4laisia \u00e4\u00e4ni\u00e4 kuorostamme l\u00f6ytyy.Aivan uusia \u00e4\u00e4ni\u00e4 kuullaan, kun konsertissa kantaesitet\u00e4\u00e4n kuorossa laulavien Antti Suomalaisen ja Lassi Vihkon s\u00e4vellykset Aurinko laskee ja Myrsky. Anders Hillborgin taianomaisessa En midsommarnattsdr\u00f6miss\u00e4 laulu taipuu matkimaan lintujen \u00e4\u00e4ni\u00e4, ja Jaakko M\u00e4ntyj\u00e4rven harvoin kuullun nine dawn watercolours -teoksen \u00e4\u00e4nten kudelma johdattaa kuulijan ihailemaan auringonlaskun v\u00e4rj\u00e4\u00e4m\u00e4\u00e4 horisonttia. Reena Esmailin When the violin punoo yhteen kuoron ja&hellip;<\/p>\n","category_list_v2":"<a href=\"https:\/\/www.lempikuoro.fi\/en\/category\/blog\/konsertit\/\" rel=\"category tag\">Konsertit<\/a>","author_info_v2":{"name":"admin","url":"https:\/\/www.lempikuoro.fi\/en\/author\/admin\/"},"comments_num_v2":"0 comments","yoast_head":"<!-- This site is optimized with the Yoast SEO plugin v21.5 - https:\/\/yoast.com\/wordpress\/plugins\/seo\/ -->\n<title>Lempikuoron 5-vuotisjuhlakonsertti la 23.11.2024 - Lempikuoro<\/title>\n<meta name=\"robots\" content=\"index, follow, max-snippet:-1, max-image-preview:large, max-video-preview:-1\" \/>\n<link rel=\"canonical\" href=\"https:\/\/www.lempikuoro.fi\/en\/2024\/10\/01\/lempikuoron-5-vuotisjuhlakonsertti-la-23-11-2024\/\" \/>\n<meta property=\"og:locale\" content=\"en_GB\" \/>\n<meta property=\"og:type\" content=\"article\" \/>\n<meta property=\"og:title\" content=\"Lempikuoron 5-vuotisjuhlakonsertti la 23.11.2024 - Lempikuoro\" \/>\n<meta property=\"og:description\" content=\"OI LEMPI!Lempikuoron 5-vuotisjuhlakonserttiJohtaa Julia LainemaLauantaina 23.11.2024 klo 15.00Meilahden kirkko, Pihlajatie 16, Helsinki Facebook-tapahtuma \u00c4\u00e4ni her\u00e4tt\u00e4\u00e4 aistit, luo mielikuvia ja kurkottaa sanoja syvemm\u00e4lle. Lempikuoron 5-vuotisjuhlakonsertissa \u00e4\u00e4nemme soivat monin eri tavoin, niin kuorolaulajina kuin soittajina, s\u00e4velt\u00e4jin\u00e4 ja solisteina. Kutsumme kuulijat juhlimaan viisivuotista taivaltamme ja tutustumaan siihen, mink\u00e4laisia \u00e4\u00e4ni\u00e4 kuorostamme l\u00f6ytyy. Aivan uusia \u00e4\u00e4ni\u00e4 kuullaan, kun konsertissa kantaesitet\u00e4\u00e4n [&hellip;]\" \/>\n<meta property=\"og:url\" content=\"https:\/\/www.lempikuoro.fi\/en\/2024\/10\/01\/lempikuoron-5-vuotisjuhlakonsertti-la-23-11-2024\/\" \/>\n<meta property=\"og:site_name\" content=\"Lempikuoro\" \/>\n<meta property=\"article:publisher\" content=\"https:\/\/www.facebook.com\/lempikuoro\" \/>\n<meta property=\"article:published_time\" content=\"2024-10-01T18:43:12+00:00\" \/>\n<meta property=\"article:modified_time\" content=\"2024-11-06T08:15:23+00:00\" \/>\n<meta property=\"og:image\" content=\"https:\/\/www.lempikuoro.fi\/wp-content\/uploads\/2024\/10\/Oi-Lempi_visu.png\" \/>\n\t<meta property=\"og:image:width\" content=\"2481\" \/>\n\t<meta property=\"og:image:height\" content=\"1754\" \/>\n\t<meta property=\"og:image:type\" content=\"image\/png\" \/>\n<meta name=\"author\" content=\"admin\" \/>\n<meta name=\"twitter:card\" content=\"summary_large_image\" \/>\n<meta name=\"twitter:label1\" content=\"Written by\" \/>\n\t<meta name=\"twitter:data1\" content=\"admin\" \/>\n\t<meta name=\"twitter:label2\" content=\"Estimated reading time\" \/>\n\t<meta name=\"twitter:data2\" content=\"5 minutes\" \/>\n<script type=\"application\/ld+json\" class=\"yoast-schema-graph\">{\"@context\":\"https:\/\/schema.org\",\"@graph\":[{\"@type\":\"Article\",\"@id\":\"https:\/\/www.lempikuoro.fi\/2024\/10\/01\/lempikuoron-5-vuotisjuhlakonsertti-la-23-11-2024\/#article\",\"isPartOf\":{\"@id\":\"https:\/\/www.lempikuoro.fi\/2024\/10\/01\/lempikuoron-5-vuotisjuhlakonsertti-la-23-11-2024\/\"},\"author\":{\"name\":\"admin\",\"@id\":\"https:\/\/www.lempikuoro.fi\/#\/schema\/person\/185011046686135c41b1283b426e6606\"},\"headline\":\"Lempikuoron 5-vuotisjuhlakonsertti la 23.11.2024\",\"datePublished\":\"2024-10-01T18:43:12+00:00\",\"dateModified\":\"2024-11-06T08:15:23+00:00\",\"mainEntityOfPage\":{\"@id\":\"https:\/\/www.lempikuoro.fi\/2024\/10\/01\/lempikuoron-5-vuotisjuhlakonsertti-la-23-11-2024\/\"},\"wordCount\":702,\"publisher\":{\"@id\":\"https:\/\/www.lempikuoro.fi\/#organization\"},\"keywords\":[\"juhlakonsertti\",\"konsertti\",\"kuoro\",\"lempikuoro\",\"Meilahden kirkko\"],\"articleSection\":[\"Konsertit\"],\"inLanguage\":\"en-GB\"},{\"@type\":\"WebPage\",\"@id\":\"https:\/\/www.lempikuoro.fi\/2024\/10\/01\/lempikuoron-5-vuotisjuhlakonsertti-la-23-11-2024\/\",\"url\":\"https:\/\/www.lempikuoro.fi\/2024\/10\/01\/lempikuoron-5-vuotisjuhlakonsertti-la-23-11-2024\/\",\"name\":\"Lempikuoron 5-vuotisjuhlakonsertti la 23.11.2024 - Lempikuoro\",\"isPartOf\":{\"@id\":\"https:\/\/www.lempikuoro.fi\/#website\"},\"datePublished\":\"2024-10-01T18:43:12+00:00\",\"dateModified\":\"2024-11-06T08:15:23+00:00\",\"breadcrumb\":{\"@id\":\"https:\/\/www.lempikuoro.fi\/2024\/10\/01\/lempikuoron-5-vuotisjuhlakonsertti-la-23-11-2024\/#breadcrumb\"},\"inLanguage\":\"en-GB\",\"potentialAction\":[{\"@type\":\"ReadAction\",\"target\":[\"https:\/\/www.lempikuoro.fi\/2024\/10\/01\/lempikuoron-5-vuotisjuhlakonsertti-la-23-11-2024\/\"]}]},{\"@type\":\"BreadcrumbList\",\"@id\":\"https:\/\/www.lempikuoro.fi\/2024\/10\/01\/lempikuoron-5-vuotisjuhlakonsertti-la-23-11-2024\/#breadcrumb\",\"itemListElement\":[{\"@type\":\"ListItem\",\"position\":1,\"name\":\"Home\",\"item\":\"https:\/\/www.lempikuoro.fi\/\"},{\"@type\":\"ListItem\",\"position\":2,\"name\":\"Lempikuoron 5-vuotisjuhlakonsertti la 23.11.2024\"}]},{\"@type\":\"WebSite\",\"@id\":\"https:\/\/www.lempikuoro.fi\/#website\",\"url\":\"https:\/\/www.lempikuoro.fi\/\",\"name\":\"Lempikuoro\",\"description\":\"\",\"publisher\":{\"@id\":\"https:\/\/www.lempikuoro.fi\/#organization\"},\"potentialAction\":[{\"@type\":\"SearchAction\",\"target\":{\"@type\":\"EntryPoint\",\"urlTemplate\":\"https:\/\/www.lempikuoro.fi\/?s={search_term_string}\"},\"query-input\":\"required name=search_term_string\"}],\"inLanguage\":\"en-GB\"},{\"@type\":\"Organization\",\"@id\":\"https:\/\/www.lempikuoro.fi\/#organization\",\"name\":\"Lempikuoro\",\"url\":\"https:\/\/www.lempikuoro.fi\/\",\"logo\":{\"@type\":\"ImageObject\",\"inLanguage\":\"en-GB\",\"@id\":\"https:\/\/www.lempikuoro.fi\/#\/schema\/logo\/image\/\",\"url\":\"https:\/\/www.lempikuoro.fi\/wp-content\/uploads\/2020\/10\/Lempilogo_mustavalko2-scaled.jpeg\",\"contentUrl\":\"https:\/\/www.lempikuoro.fi\/wp-content\/uploads\/2020\/10\/Lempilogo_mustavalko2-scaled.jpeg\",\"width\":2560,\"height\":1810,\"caption\":\"Lempikuoro\"},\"image\":{\"@id\":\"https:\/\/www.lempikuoro.fi\/#\/schema\/logo\/image\/\"},\"sameAs\":[\"https:\/\/www.facebook.com\/lempikuoro\",\"https:\/\/www.instagram.com\/lempikuoro\/\",\"https:\/\/www.youtube.com\/channel\/UCm_CS0Ua7SgpTTpxF7Q91dQ\"]},{\"@type\":\"Person\",\"@id\":\"https:\/\/www.lempikuoro.fi\/#\/schema\/person\/185011046686135c41b1283b426e6606\",\"name\":\"admin\",\"image\":{\"@type\":\"ImageObject\",\"inLanguage\":\"en-GB\",\"@id\":\"https:\/\/www.lempikuoro.fi\/#\/schema\/person\/image\/\",\"url\":\"https:\/\/secure.gravatar.com\/avatar\/183ff77e934b06afd54ca9ce7e0b3d45?s=96&d=mm&r=g\",\"contentUrl\":\"https:\/\/secure.gravatar.com\/avatar\/183ff77e934b06afd54ca9ce7e0b3d45?s=96&d=mm&r=g\",\"caption\":\"admin\"},\"sameAs\":[\"http:\/\/www.lempikuoro.fi\"]}]}<\/script>\n<!-- \/ Yoast SEO plugin. -->","yoast_head_json":{"title":"Lempi\u00adkuoron 5\u2011vuotisjuhlakonsertti la 23.11.2024 \u2014 Lempikuoro","robots":{"index":"index","follow":"follow","max-snippet":"max-snippet:-1","max-image-preview":"max-image-preview:large","max-video-preview":"max-video-preview:-1"},"canonical":"https:\/\/www.lempikuoro.fi\/en\/2024\/10\/01\/lempikuoron-5-vuotisjuhlakonsertti-la-23-11-2024\/","og_locale":"en_GB","og_type":"article","og_title":"Lempikuoron 5-vuotisjuhlakonsertti la 23.11.2024 - Lempikuoro","og_description":"OI LEMPI!Lempikuoron 5-vuotisjuhlakonserttiJohtaa Julia LainemaLauantaina 23.11.2024 klo 15.00Meilahden kirkko, Pihlajatie 16, Helsinki Facebook-tapahtuma \u00c4\u00e4ni her\u00e4tt\u00e4\u00e4 aistit, luo mielikuvia ja kurkottaa sanoja syvemm\u00e4lle. Lempikuoron 5-vuotisjuhlakonsertissa \u00e4\u00e4nemme soivat monin eri tavoin, niin kuorolaulajina kuin soittajina, s\u00e4velt\u00e4jin\u00e4 ja solisteina. Kutsumme kuulijat juhlimaan viisivuotista taivaltamme ja tutustumaan siihen, mink\u00e4laisia \u00e4\u00e4ni\u00e4 kuorostamme l\u00f6ytyy. Aivan uusia \u00e4\u00e4ni\u00e4 kuullaan, kun konsertissa kantaesitet\u00e4\u00e4n [&hellip;]","og_url":"https:\/\/www.lempikuoro.fi\/en\/2024\/10\/01\/lempikuoron-5-vuotisjuhlakonsertti-la-23-11-2024\/","og_site_name":"Lempikuoro","article_publisher":"https:\/\/www.facebook.com\/lempikuoro","article_published_time":"2024-10-01T18:43:12+00:00","article_modified_time":"2024-11-06T08:15:23+00:00","og_image":[{"width":2481,"height":1754,"url":"https:\/\/www.lempikuoro.fi\/wp-content\/uploads\/2024\/10\/Oi-Lempi_visu.png","type":"image\/png"}],"author":"admin","twitter_card":"summary_large_image","twitter_misc":{"Written by":"admin","Estimated reading time":"5 minutes"},"schema":{"@context":"https:\/\/schema.org","@graph":[{"@type":"Article","@id":"https:\/\/www.lempikuoro.fi\/2024\/10\/01\/lempikuoron-5-vuotisjuhlakonsertti-la-23-11-2024\/#article","isPartOf":{"@id":"https:\/\/www.lempikuoro.fi\/2024\/10\/01\/lempikuoron-5-vuotisjuhlakonsertti-la-23-11-2024\/"},"author":{"name":"admin","@id":"https:\/\/www.lempikuoro.fi\/#\/schema\/person\/185011046686135c41b1283b426e6606"},"headline":"Lempikuoron 5-vuotisjuhlakonsertti la 23.11.2024","datePublished":"2024-10-01T18:43:12+00:00","dateModified":"2024-11-06T08:15:23+00:00","mainEntityOfPage":{"@id":"https:\/\/www.lempikuoro.fi\/2024\/10\/01\/lempikuoron-5-vuotisjuhlakonsertti-la-23-11-2024\/"},"wordCount":702,"publisher":{"@id":"https:\/\/www.lempikuoro.fi\/#organization"},"keywords":["juhlakonsertti","konsertti","kuoro","lempikuoro","Meilahden kirkko"],"articleSection":["Konsertit"],"inLanguage":"en-GB"},{"@type":"WebPage","@id":"https:\/\/www.lempikuoro.fi\/2024\/10\/01\/lempikuoron-5-vuotisjuhlakonsertti-la-23-11-2024\/","url":"https:\/\/www.lempikuoro.fi\/2024\/10\/01\/lempikuoron-5-vuotisjuhlakonsertti-la-23-11-2024\/","name":"Lempi\u00adkuoron 5\u2011vuotisjuhlakonsertti la 23.11.2024 \u2014 Lempikuoro","isPartOf":{"@id":"https:\/\/www.lempikuoro.fi\/#website"},"datePublished":"2024-10-01T18:43:12+00:00","dateModified":"2024-11-06T08:15:23+00:00","breadcrumb":{"@id":"https:\/\/www.lempikuoro.fi\/2024\/10\/01\/lempikuoron-5-vuotisjuhlakonsertti-la-23-11-2024\/#breadcrumb"},"inLanguage":"en-GB","potentialAction":[{"@type":"ReadAction","target":["https:\/\/www.lempikuoro.fi\/2024\/10\/01\/lempikuoron-5-vuotisjuhlakonsertti-la-23-11-2024\/"]}]},{"@type":"BreadcrumbList","@id":"https:\/\/www.lempikuoro.fi\/2024\/10\/01\/lempikuoron-5-vuotisjuhlakonsertti-la-23-11-2024\/#breadcrumb","itemListElement":[{"@type":"ListItem","position":1,"name":"Home","item":"https:\/\/www.lempikuoro.fi\/"},{"@type":"ListItem","position":2,"name":"Lempikuoron 5-vuotisjuhlakonsertti la 23.11.2024"}]},{"@type":"WebSite","@id":"https:\/\/www.lempikuoro.fi\/#website","url":"https:\/\/www.lempikuoro.fi\/","name":"Lempi\u00adkuoro","description":"","publisher":{"@id":"https:\/\/www.lempikuoro.fi\/#organization"},"potentialAction":[{"@type":"SearchAction","target":{"@type":"EntryPoint","urlTemplate":"https:\/\/www.lempikuoro.fi\/?s={search_term_string}"},"query-input":"required name=search_term_string"}],"inLanguage":"en-GB"},{"@type":"Organization","@id":"https:\/\/www.lempikuoro.fi\/#organization","name":"Lempi\u00adkuoro","url":"https:\/\/www.lempikuoro.fi\/","logo":{"@type":"ImageObject","inLanguage":"en-GB","@id":"https:\/\/www.lempikuoro.fi\/#\/schema\/logo\/image\/","url":"https:\/\/www.lempikuoro.fi\/wp-content\/uploads\/2020\/10\/Lempilogo_mustavalko2-scaled.jpeg","contentUrl":"https:\/\/www.lempikuoro.fi\/wp-content\/uploads\/2020\/10\/Lempilogo_mustavalko2-scaled.jpeg","width":2560,"height":1810,"caption":"Lempikuoro"},"image":{"@id":"https:\/\/www.lempikuoro.fi\/#\/schema\/logo\/image\/"},"sameAs":["https:\/\/www.facebook.com\/lempikuoro","https:\/\/www.instagram.com\/lempikuoro\/","https:\/\/www.youtube.com\/channel\/UCm_CS0Ua7SgpTTpxF7Q91dQ"]},{"@type":"Person","@id":"https:\/\/www.lempikuoro.fi\/#\/schema\/person\/185011046686135c41b1283b426e6606","name":"admin","image":{"@type":"ImageObject","inLanguage":"en-GB","@id":"https:\/\/www.lempikuoro.fi\/#\/schema\/person\/image\/","url":"https:\/\/secure.gravatar.com\/avatar\/183ff77e934b06afd54ca9ce7e0b3d45?s=96&d=mm&r=g","contentUrl":"https:\/\/secure.gravatar.com\/avatar\/183ff77e934b06afd54ca9ce7e0b3d45?s=96&d=mm&r=g","caption":"admin"},"sameAs":["http:\/\/www.lempikuoro.fi"]}]}},"featured_image_src":"https:\/\/www.lempikuoro.fi\/wp-content\/uploads\/2024\/10\/Oi-Lempi_visu-600x400.png","featured_image_src_square":"https:\/\/www.lempikuoro.fi\/wp-content\/uploads\/2024\/10\/Oi-Lempi_visu-600x600.png","author_info":{"display_name":"admin","author_link":"https:\/\/www.lempikuoro.fi\/en\/author\/admin\/"},"_links":{"self":[{"href":"https:\/\/www.lempikuoro.fi\/en\/wp-json\/wp\/v2\/posts\/2833"}],"collection":[{"href":"https:\/\/www.lempikuoro.fi\/en\/wp-json\/wp\/v2\/posts"}],"about":[{"href":"https:\/\/www.lempikuoro.fi\/en\/wp-json\/wp\/v2\/types\/post"}],"author":[{"embeddable":true,"href":"https:\/\/www.lempikuoro.fi\/en\/wp-json\/wp\/v2\/users\/1"}],"replies":[{"embeddable":true,"href":"https:\/\/www.lempikuoro.fi\/en\/wp-json\/wp\/v2\/comments?post=2833"}],"version-history":[{"count":5,"href":"https:\/\/www.lempikuoro.fi\/en\/wp-json\/wp\/v2\/posts\/2833\/revisions"}],"predecessor-version":[{"id":2863,"href":"https:\/\/www.lempikuoro.fi\/en\/wp-json\/wp\/v2\/posts\/2833\/revisions\/2863"}],"wp:featuredmedia":[{"embeddable":true,"href":"https:\/\/www.lempikuoro.fi\/en\/wp-json\/wp\/v2\/media\/2836"}],"wp:attachment":[{"href":"https:\/\/www.lempikuoro.fi\/en\/wp-json\/wp\/v2\/media?parent=2833"}],"wp:term":[{"taxonomy":"category","embeddable":true,"href":"https:\/\/www.lempikuoro.fi\/en\/wp-json\/wp\/v2\/categories?post=2833"},{"taxonomy":"post_tag","embeddable":true,"href":"https:\/\/www.lempikuoro.fi\/en\/wp-json\/wp\/v2\/tags?post=2833"}],"curies":[{"name":"wp","href":"https:\/\/api.w.org\/{rel}","templated":true}]}}