{"id":2060,"date":"2023-06-07T22:50:50","date_gmt":"2023-06-07T20:50:50","guid":{"rendered":"https:\/\/www.lempikuoro.fi\/?p=2060"},"modified":"2023-06-21T09:30:25","modified_gmt":"2023-06-21T07:30:25","slug":"sneak-peek-vuoropuhelua-valmistellaan","status":"publish","type":"post","link":"https:\/\/www.lempikuoro.fi\/en\/2023\/06\/07\/sneak-peek-vuoropuhelua-valmistellaan\/","title":{"rendered":"Sneak peek! Prepa\u00adring for Dialogues"},"content":{"rendered":"<div class=\"wp-block-stackable-spacer stk-block-spacer stk--no-padding stk-block stk-93ffc40\" data-block-id=\"93ffc40\"><style>.stk-93ffc40{height:30px !important}<\/style><\/div>\n\n\n\n<p>Lempi\u00adkuoro vierailee <a href=\"https:\/\/kuoromusiikinkausikonsertit.fi\/\" class=\"ek-link\">Kuoro\u00admusiikin kausi\u00adkon\u00adsertit<\/a> \u2011sarjassa!<br><br><strong>DIALO\u00adGUES<\/strong><br>To 7.9.2023 klo 19.00<br>Rita\u00adri\u00adhuone (Rita\u00adri\u00adkatu 1, Helsinki)<br><br>Konsertin ohjel\u00admisto kuvastaa vuoro\u00adpu\u00adhelua eri aika\u00adkausien ja s\u00e4vel\u00adt\u00e4\u00adjien sek\u00e4 taide\u00admaa\u00adilman ja yhteis\u00adkunnan v\u00e4lill\u00e4. P\u00e4\u00e4teok\u00adsena esite\u00adt\u00e4\u00e4n Caro\u00adline Shaw\u2019n kuusio\u00adsainen <a href=\"https:\/\/carolineshaw.com\/tothehands\/\" target=\"_blank\" aria-label=\"To the Hands (opens in a new tab)\" rel=\"noreferrer noopener\" class=\"ek-link\">To the Hands<\/a>, joka on samalla Suomen kantae\u00adsitys. Lempi\u00adkuoron lis\u00e4ksi lavalle astelee muusik\u00adko\u00advie\u00adraita \u2013 pysy siis kuulolla\u2026<\/p>","protected":false},"excerpt":{"rendered":"<p>Lempi\u00adkuoro vierailee Kuoro\u00admusiikin kausi\u00adkon\u00adsertit \u2011sarjassa!<\/p>\n<p>DIALO\u00adGUES<br>\nTo 7.9.2023 klo 19.00<br>\nRita\u00adri\u00adhuone (Rita\u00adri\u00adkatu 1, Helsinki)<\/p>\n<p>Konsertin ohjel\u00admisto kuvastaa vuoro\u00adpu\u00adhelua eri aika\u00adkausien ja s\u00e4vel\u00adt\u00e4\u00adjien sek\u00e4 taide\u00admaa\u00adilman ja yhteis\u00adkunnan v\u00e4lill\u00e4. P\u00e4\u00e4teok\u00adsena esite\u00adt\u00e4\u00e4n Caro\u00adline Shaw\u2019n kuusio\u00adsainen To the Hands, joka on samalla Suomen kantae\u00adsitys. Lempi\u00adkuoron lis\u00e4ksi lavalle astelee muusik\u00adko\u00advie\u00adraita \u2013 pysy siis kuulolla\u2026<\/p>","protected":false},"author":1,"featured_media":2054,"comment_status":"closed","ping_status":"closed","sticky":false,"template":"","format":"standard","meta":{"_editorskit_title_hidden":false,"_editorskit_reading_time":1,"_editorskit_is_block_options_detached":false,"_editorskit_block_options_position":"{}","_coblocks_attr":"","_coblocks_dimensions":"","_coblocks_responsive_height":"","_coblocks_accordion_ie_support":"","wp_typography_post_enhancements_disabled":false,"_monsterinsights_skip_tracking":false,"_monsterinsights_sitenote_active":false,"_monsterinsights_sitenote_note":"","_monsterinsights_sitenote_category":0,"cybocfi_hide_featured_image":""},"categories":[5],"tags":[109,37,13,10,110,108,111],"featured_image_urls_v2":{"full":["https:\/\/www.lempikuoro.fi\/wp-content\/uploads\/2023\/06\/KMK-sneak-peek-postaus-kesakuu-23.png",1755,1755,false],"thumbnail":["https:\/\/www.lempikuoro.fi\/wp-content\/uploads\/2023\/06\/KMK-sneak-peek-postaus-kesakuu-23-150x150.png",150,150,true],"medium":["https:\/\/www.lempikuoro.fi\/wp-content\/uploads\/2023\/06\/KMK-sneak-peek-postaus-kesakuu-23-300x300.png",300,300,true],"medium_large":["https:\/\/www.lempikuoro.fi\/wp-content\/uploads\/2023\/06\/KMK-sneak-peek-postaus-kesakuu-23-768x768.png",580,580,true],"large":["https:\/\/www.lempikuoro.fi\/wp-content\/uploads\/2023\/06\/KMK-sneak-peek-postaus-kesakuu-23-1000x1000.png",580,580,true],"1536x1536":["https:\/\/www.lempikuoro.fi\/wp-content\/uploads\/2023\/06\/KMK-sneak-peek-postaus-kesakuu-23-1536x1536.png",1536,1536,true],"2048x2048":["https:\/\/www.lempikuoro.fi\/wp-content\/uploads\/2023\/06\/KMK-sneak-peek-postaus-kesakuu-23.png",1755,1755,false],"trp-custom-language-flag":["https:\/\/www.lempikuoro.fi\/wp-content\/uploads\/2023\/06\/KMK-sneak-peek-postaus-kesakuu-23.png",12,12,false],"ab-block-post-grid-landscape":["https:\/\/www.lempikuoro.fi\/wp-content\/uploads\/2023\/06\/KMK-sneak-peek-postaus-kesakuu-23-600x400.png",600,400,true],"ab-block-post-grid-square":["https:\/\/www.lempikuoro.fi\/wp-content\/uploads\/2023\/06\/KMK-sneak-peek-postaus-kesakuu-23-600x600.png",600,600,true],"ultp_layout_landscape_large":["https:\/\/www.lempikuoro.fi\/wp-content\/uploads\/2023\/06\/KMK-sneak-peek-postaus-kesakuu-23-1200x800.png",1200,800,true],"ultp_layout_landscape":["https:\/\/www.lempikuoro.fi\/wp-content\/uploads\/2023\/06\/KMK-sneak-peek-postaus-kesakuu-23-870x570.png",870,570,true],"ultp_layout_portrait":["https:\/\/www.lempikuoro.fi\/wp-content\/uploads\/2023\/06\/KMK-sneak-peek-postaus-kesakuu-23-600x900.png",600,900,true],"ultp_layout_square":["https:\/\/www.lempikuoro.fi\/wp-content\/uploads\/2023\/06\/KMK-sneak-peek-postaus-kesakuu-23-600x600.png",600,600,true],"post-thumbnail":["https:\/\/www.lempikuoro.fi\/wp-content\/uploads\/2023\/06\/KMK-sneak-peek-postaus-kesakuu-23-1200x1200.png",1200,1200,true],"twentytwenty-fullscreen":["https:\/\/www.lempikuoro.fi\/wp-content\/uploads\/2023\/06\/KMK-sneak-peek-postaus-kesakuu-23.png",1755,1755,false],"woocommerce_thumbnail":["https:\/\/www.lempikuoro.fi\/wp-content\/uploads\/2023\/06\/KMK-sneak-peek-postaus-kesakuu-23-450x450.png",450,450,true],"woocommerce_single":["https:\/\/www.lempikuoro.fi\/wp-content\/uploads\/2023\/06\/KMK-sneak-peek-postaus-kesakuu-23-600x600.png",600,600,true],"woocommerce_gallery_thumbnail":["https:\/\/www.lempikuoro.fi\/wp-content\/uploads\/2023\/06\/KMK-sneak-peek-postaus-kesakuu-23-100x100.png",100,100,true]},"post_excerpt_stackable_v2":"<p>Lempikuoro vierailee Kuoromusiikin kausikonsertit -sarjassa!<\/p>\n<p>VUOROPUHELUA<br \/>\nTo 7.9.2023 klo 19.00<br \/>\nRitarihuone (Ritarikatu 1, Helsinki)<\/p>\n<p>Konsertin ohjelmisto kuvastaa vuoropuhelua eri aikakausien ja s\u00e4velt\u00e4jien sek\u00e4 taidemaailman ja yhteiskunnan v\u00e4lill\u00e4. P\u00e4\u00e4teoksena esitet\u00e4\u00e4n Caroline Shaw\u2019n kuusiosainen To the Hands, joka on samalla Suomen kantaesitys. Lempikuoron lis\u00e4ksi lavalle astelee muusikkovieraita \u2013 pysy siis kuulolla\u2026<\/p>\n","category_list_v2":"<a href=\"https:\/\/www.lempikuoro.fi\/en\/category\/blog\/konsertit\/\" rel=\"category tag\">Konsertit<\/a>","author_info_v2":{"name":"admin","url":"https:\/\/www.lempikuoro.fi\/en\/author\/admin\/"},"comments_num_v2":"0 comments","yoast_head":"<!-- This site is optimized with the Yoast SEO plugin v21.5 - https:\/\/yoast.com\/wordpress\/plugins\/seo\/ -->\n<title>Sneak peek! Vuoropuhelua valmistellaan - Lempikuoro<\/title>\n<meta name=\"description\" content=\"Lempikuoro vierailee Kuoromusiikin kausikonserteissa: VUOROPUHELUA to 7.9.2023 klo 19 Ritarihuone \/ P\u00e4\u00e4teoksena Caroline Shaw: To the Hands\" \/>\n<meta name=\"robots\" content=\"index, follow, max-snippet:-1, max-image-preview:large, max-video-preview:-1\" \/>\n<link rel=\"canonical\" href=\"https:\/\/www.lempikuoro.fi\/en\/2023\/06\/07\/sneak-peek-vuoropuhelua-valmistellaan\/\" \/>\n<meta property=\"og:locale\" content=\"en_GB\" \/>\n<meta property=\"og:type\" content=\"article\" \/>\n<meta property=\"og:title\" content=\"Sneak peek! Vuoropuhelua valmistellaan - Lempikuoro\" \/>\n<meta property=\"og:description\" content=\"Lempikuoro vierailee Kuoromusiikin kausikonserteissa: VUOROPUHELUA to 7.9.2023 klo 19 Ritarihuone \/ P\u00e4\u00e4teoksena Caroline Shaw: To the Hands\" \/>\n<meta property=\"og:url\" content=\"https:\/\/www.lempikuoro.fi\/en\/2023\/06\/07\/sneak-peek-vuoropuhelua-valmistellaan\/\" \/>\n<meta property=\"og:site_name\" content=\"Lempikuoro\" \/>\n<meta property=\"article:publisher\" content=\"https:\/\/www.facebook.com\/lempikuoro\" \/>\n<meta property=\"article:published_time\" content=\"2023-06-07T20:50:50+00:00\" \/>\n<meta property=\"article:modified_time\" content=\"2023-06-21T07:30:25+00:00\" \/>\n<meta property=\"og:image\" content=\"https:\/\/www.lempikuoro.fi\/wp-content\/uploads\/2023\/06\/KMK-sneak-peek-postaus-kesakuu-23-1000x1000.png\" \/>\n\t<meta property=\"og:image:width\" content=\"1000\" \/>\n\t<meta property=\"og:image:height\" content=\"1000\" \/>\n\t<meta property=\"og:image:type\" content=\"image\/png\" \/>\n<meta name=\"author\" content=\"admin\" \/>\n<meta name=\"twitter:card\" content=\"summary_large_image\" \/>\n<meta name=\"twitter:label1\" content=\"Written by\" \/>\n\t<meta name=\"twitter:data1\" content=\"admin\" \/>\n\t<meta name=\"twitter:label2\" content=\"Estimated reading time\" \/>\n\t<meta name=\"twitter:data2\" content=\"1 minute\" \/>\n<script type=\"application\/ld+json\" class=\"yoast-schema-graph\">{\"@context\":\"https:\/\/schema.org\",\"@graph\":[{\"@type\":\"Article\",\"@id\":\"https:\/\/www.lempikuoro.fi\/2023\/06\/07\/sneak-peek-vuoropuhelua-valmistellaan\/#article\",\"isPartOf\":{\"@id\":\"https:\/\/www.lempikuoro.fi\/2023\/06\/07\/sneak-peek-vuoropuhelua-valmistellaan\/\"},\"author\":{\"name\":\"admin\",\"@id\":\"https:\/\/www.lempikuoro.fi\/#\/schema\/person\/185011046686135c41b1283b426e6606\"},\"headline\":\"Sneak peek! Vuoropuhelua valmistellaan\",\"datePublished\":\"2023-06-07T20:50:50+00:00\",\"dateModified\":\"2023-06-21T07:30:25+00:00\",\"mainEntityOfPage\":{\"@id\":\"https:\/\/www.lempikuoro.fi\/2023\/06\/07\/sneak-peek-vuoropuhelua-valmistellaan\/\"},\"wordCount\":56,\"publisher\":{\"@id\":\"https:\/\/www.lempikuoro.fi\/#organization\"},\"keywords\":[\"caroline shaw\",\"konsertti\",\"kuoro\",\"lempikuoro\",\"monteverdi\",\"vuoropuhelua\",\"whitacre\"],\"articleSection\":[\"Konsertit\"],\"inLanguage\":\"en-GB\"},{\"@type\":\"WebPage\",\"@id\":\"https:\/\/www.lempikuoro.fi\/2023\/06\/07\/sneak-peek-vuoropuhelua-valmistellaan\/\",\"url\":\"https:\/\/www.lempikuoro.fi\/2023\/06\/07\/sneak-peek-vuoropuhelua-valmistellaan\/\",\"name\":\"Sneak peek! Vuoropuhelua valmistellaan - Lempikuoro\",\"isPartOf\":{\"@id\":\"https:\/\/www.lempikuoro.fi\/#website\"},\"datePublished\":\"2023-06-07T20:50:50+00:00\",\"dateModified\":\"2023-06-21T07:30:25+00:00\",\"description\":\"Lempikuoro vierailee Kuoromusiikin kausikonserteissa: VUOROPUHELUA to 7.9.2023 klo 19 Ritarihuone \/ P\u00e4\u00e4teoksena Caroline Shaw: To the Hands\",\"breadcrumb\":{\"@id\":\"https:\/\/www.lempikuoro.fi\/2023\/06\/07\/sneak-peek-vuoropuhelua-valmistellaan\/#breadcrumb\"},\"inLanguage\":\"en-GB\",\"potentialAction\":[{\"@type\":\"ReadAction\",\"target\":[\"https:\/\/www.lempikuoro.fi\/2023\/06\/07\/sneak-peek-vuoropuhelua-valmistellaan\/\"]}]},{\"@type\":\"BreadcrumbList\",\"@id\":\"https:\/\/www.lempikuoro.fi\/2023\/06\/07\/sneak-peek-vuoropuhelua-valmistellaan\/#breadcrumb\",\"itemListElement\":[{\"@type\":\"ListItem\",\"position\":1,\"name\":\"Home\",\"item\":\"https:\/\/www.lempikuoro.fi\/\"},{\"@type\":\"ListItem\",\"position\":2,\"name\":\"Sneak peek! Vuoropuhelua valmistellaan\"}]},{\"@type\":\"WebSite\",\"@id\":\"https:\/\/www.lempikuoro.fi\/#website\",\"url\":\"https:\/\/www.lempikuoro.fi\/\",\"name\":\"Lempikuoro\",\"description\":\"\",\"publisher\":{\"@id\":\"https:\/\/www.lempikuoro.fi\/#organization\"},\"potentialAction\":[{\"@type\":\"SearchAction\",\"target\":{\"@type\":\"EntryPoint\",\"urlTemplate\":\"https:\/\/www.lempikuoro.fi\/?s={search_term_string}\"},\"query-input\":\"required name=search_term_string\"}],\"inLanguage\":\"en-GB\"},{\"@type\":\"Organization\",\"@id\":\"https:\/\/www.lempikuoro.fi\/#organization\",\"name\":\"Lempikuoro\",\"url\":\"https:\/\/www.lempikuoro.fi\/\",\"logo\":{\"@type\":\"ImageObject\",\"inLanguage\":\"en-GB\",\"@id\":\"https:\/\/www.lempikuoro.fi\/#\/schema\/logo\/image\/\",\"url\":\"https:\/\/www.lempikuoro.fi\/wp-content\/uploads\/2020\/10\/Lempilogo_mustavalko2-scaled.jpeg\",\"contentUrl\":\"https:\/\/www.lempikuoro.fi\/wp-content\/uploads\/2020\/10\/Lempilogo_mustavalko2-scaled.jpeg\",\"width\":2560,\"height\":1810,\"caption\":\"Lempikuoro\"},\"image\":{\"@id\":\"https:\/\/www.lempikuoro.fi\/#\/schema\/logo\/image\/\"},\"sameAs\":[\"https:\/\/www.facebook.com\/lempikuoro\",\"https:\/\/www.instagram.com\/lempikuoro\/\",\"https:\/\/www.youtube.com\/channel\/UCm_CS0Ua7SgpTTpxF7Q91dQ\"]},{\"@type\":\"Person\",\"@id\":\"https:\/\/www.lempikuoro.fi\/#\/schema\/person\/185011046686135c41b1283b426e6606\",\"name\":\"admin\",\"image\":{\"@type\":\"ImageObject\",\"inLanguage\":\"en-GB\",\"@id\":\"https:\/\/www.lempikuoro.fi\/#\/schema\/person\/image\/\",\"url\":\"https:\/\/secure.gravatar.com\/avatar\/183ff77e934b06afd54ca9ce7e0b3d45?s=96&d=mm&r=g\",\"contentUrl\":\"https:\/\/secure.gravatar.com\/avatar\/183ff77e934b06afd54ca9ce7e0b3d45?s=96&d=mm&r=g\",\"caption\":\"admin\"},\"sameAs\":[\"http:\/\/www.lempikuoro.fi\"]}]}<\/script>\n<!-- \/ Yoast SEO plugin. -->","yoast_head_json":{"title":"Sneak peek! Vuoro\u00adpu\u00adhelua valmis\u00adtel\u00adlaan \u2014 Lempikuoro","description":"Lempi\u00adkuoro vierailee Kuoro\u00admusiikin kausi\u00adkon\u00adser\u00adteissa: VUORO\u00adPU\u00adHELUA to 7.9.2023 klo 19 Rita\u00adri\u00adhuone \/ P\u00e4\u00e4teok\u00adsena Caro\u00adline Shaw: To the&nbsp;Hands","robots":{"index":"index","follow":"follow","max-snippet":"max-snippet:-1","max-image-preview":"max-image-preview:large","max-video-preview":"max-video-preview:-1"},"canonical":"https:\/\/www.lempikuoro.fi\/en\/2023\/06\/07\/sneak-peek-vuoropuhelua-valmistellaan\/","og_locale":"en_GB","og_type":"article","og_title":"Sneak peek! Vuoropuhelua valmistellaan - Lempikuoro","og_description":"Lempikuoro vierailee Kuoromusiikin kausikonserteissa: VUOROPUHELUA to 7.9.2023 klo 19 Ritarihuone \/ P\u00e4\u00e4teoksena Caroline Shaw: To the Hands","og_url":"https:\/\/www.lempikuoro.fi\/en\/2023\/06\/07\/sneak-peek-vuoropuhelua-valmistellaan\/","og_site_name":"Lempikuoro","article_publisher":"https:\/\/www.facebook.com\/lempikuoro","article_published_time":"2023-06-07T20:50:50+00:00","article_modified_time":"2023-06-21T07:30:25+00:00","og_image":[{"width":1000,"height":1000,"url":"https:\/\/www.lempikuoro.fi\/wp-content\/uploads\/2023\/06\/KMK-sneak-peek-postaus-kesakuu-23-1000x1000.png","type":"image\/png"}],"author":"admin","twitter_card":"summary_large_image","twitter_misc":{"Written by":"admin","Estimated reading time":"1 minute"},"schema":{"@context":"https:\/\/schema.org","@graph":[{"@type":"Article","@id":"https:\/\/www.lempikuoro.fi\/2023\/06\/07\/sneak-peek-vuoropuhelua-valmistellaan\/#article","isPartOf":{"@id":"https:\/\/www.lempikuoro.fi\/2023\/06\/07\/sneak-peek-vuoropuhelua-valmistellaan\/"},"author":{"name":"admin","@id":"https:\/\/www.lempikuoro.fi\/#\/schema\/person\/185011046686135c41b1283b426e6606"},"headline":"Sneak peek! Vuoropuhelua valmistellaan","datePublished":"2023-06-07T20:50:50+00:00","dateModified":"2023-06-21T07:30:25+00:00","mainEntityOfPage":{"@id":"https:\/\/www.lempikuoro.fi\/2023\/06\/07\/sneak-peek-vuoropuhelua-valmistellaan\/"},"wordCount":56,"publisher":{"@id":"https:\/\/www.lempikuoro.fi\/#organization"},"keywords":["caroline shaw","konsertti","kuoro","lempikuoro","monteverdi","vuoropuhelua","whitacre"],"articleSection":["Konsertit"],"inLanguage":"en-GB"},{"@type":"WebPage","@id":"https:\/\/www.lempikuoro.fi\/2023\/06\/07\/sneak-peek-vuoropuhelua-valmistellaan\/","url":"https:\/\/www.lempikuoro.fi\/2023\/06\/07\/sneak-peek-vuoropuhelua-valmistellaan\/","name":"Sneak peek! Vuoro\u00adpu\u00adhelua valmis\u00adtel\u00adlaan \u2014 Lempikuoro","isPartOf":{"@id":"https:\/\/www.lempikuoro.fi\/#website"},"datePublished":"2023-06-07T20:50:50+00:00","dateModified":"2023-06-21T07:30:25+00:00","description":"Lempi\u00adkuoro vierailee Kuoro\u00admusiikin kausi\u00adkon\u00adser\u00adteissa: VUORO\u00adPU\u00adHELUA to 7.9.2023 klo 19 Rita\u00adri\u00adhuone \/ P\u00e4\u00e4teok\u00adsena Caro\u00adline Shaw: To the&nbsp;Hands","breadcrumb":{"@id":"https:\/\/www.lempikuoro.fi\/2023\/06\/07\/sneak-peek-vuoropuhelua-valmistellaan\/#breadcrumb"},"inLanguage":"en-GB","potentialAction":[{"@type":"ReadAction","target":["https:\/\/www.lempikuoro.fi\/2023\/06\/07\/sneak-peek-vuoropuhelua-valmistellaan\/"]}]},{"@type":"BreadcrumbList","@id":"https:\/\/www.lempikuoro.fi\/2023\/06\/07\/sneak-peek-vuoropuhelua-valmistellaan\/#breadcrumb","itemListElement":[{"@type":"ListItem","position":1,"name":"Home","item":"https:\/\/www.lempikuoro.fi\/"},{"@type":"ListItem","position":2,"name":"Sneak peek! Vuoropuhelua valmistellaan"}]},{"@type":"WebSite","@id":"https:\/\/www.lempikuoro.fi\/#website","url":"https:\/\/www.lempikuoro.fi\/","name":"Lempi\u00adkuoro","description":"","publisher":{"@id":"https:\/\/www.lempikuoro.fi\/#organization"},"potentialAction":[{"@type":"SearchAction","target":{"@type":"EntryPoint","urlTemplate":"https:\/\/www.lempikuoro.fi\/?s={search_term_string}"},"query-input":"required name=search_term_string"}],"inLanguage":"en-GB"},{"@type":"Organization","@id":"https:\/\/www.lempikuoro.fi\/#organization","name":"Lempi\u00adkuoro","url":"https:\/\/www.lempikuoro.fi\/","logo":{"@type":"ImageObject","inLanguage":"en-GB","@id":"https:\/\/www.lempikuoro.fi\/#\/schema\/logo\/image\/","url":"https:\/\/www.lempikuoro.fi\/wp-content\/uploads\/2020\/10\/Lempilogo_mustavalko2-scaled.jpeg","contentUrl":"https:\/\/www.lempikuoro.fi\/wp-content\/uploads\/2020\/10\/Lempilogo_mustavalko2-scaled.jpeg","width":2560,"height":1810,"caption":"Lempikuoro"},"image":{"@id":"https:\/\/www.lempikuoro.fi\/#\/schema\/logo\/image\/"},"sameAs":["https:\/\/www.facebook.com\/lempikuoro","https:\/\/www.instagram.com\/lempikuoro\/","https:\/\/www.youtube.com\/channel\/UCm_CS0Ua7SgpTTpxF7Q91dQ"]},{"@type":"Person","@id":"https:\/\/www.lempikuoro.fi\/#\/schema\/person\/185011046686135c41b1283b426e6606","name":"admin","image":{"@type":"ImageObject","inLanguage":"en-GB","@id":"https:\/\/www.lempikuoro.fi\/#\/schema\/person\/image\/","url":"https:\/\/secure.gravatar.com\/avatar\/183ff77e934b06afd54ca9ce7e0b3d45?s=96&d=mm&r=g","contentUrl":"https:\/\/secure.gravatar.com\/avatar\/183ff77e934b06afd54ca9ce7e0b3d45?s=96&d=mm&r=g","caption":"admin"},"sameAs":["http:\/\/www.lempikuoro.fi"]}]}},"featured_image_src":"https:\/\/www.lempikuoro.fi\/wp-content\/uploads\/2023\/06\/KMK-sneak-peek-postaus-kesakuu-23-600x400.png","featured_image_src_square":"https:\/\/www.lempikuoro.fi\/wp-content\/uploads\/2023\/06\/KMK-sneak-peek-postaus-kesakuu-23-600x600.png","author_info":{"display_name":"admin","author_link":"https:\/\/www.lempikuoro.fi\/en\/author\/admin\/"},"_links":{"self":[{"href":"https:\/\/www.lempikuoro.fi\/en\/wp-json\/wp\/v2\/posts\/2060"}],"collection":[{"href":"https:\/\/www.lempikuoro.fi\/en\/wp-json\/wp\/v2\/posts"}],"about":[{"href":"https:\/\/www.lempikuoro.fi\/en\/wp-json\/wp\/v2\/types\/post"}],"author":[{"embeddable":true,"href":"https:\/\/www.lempikuoro.fi\/en\/wp-json\/wp\/v2\/users\/1"}],"replies":[{"embeddable":true,"href":"https:\/\/www.lempikuoro.fi\/en\/wp-json\/wp\/v2\/comments?post=2060"}],"version-history":[{"count":8,"href":"https:\/\/www.lempikuoro.fi\/en\/wp-json\/wp\/v2\/posts\/2060\/revisions"}],"predecessor-version":[{"id":2293,"href":"https:\/\/www.lempikuoro.fi\/en\/wp-json\/wp\/v2\/posts\/2060\/revisions\/2293"}],"wp:featuredmedia":[{"embeddable":true,"href":"https:\/\/www.lempikuoro.fi\/en\/wp-json\/wp\/v2\/media\/2054"}],"wp:attachment":[{"href":"https:\/\/www.lempikuoro.fi\/en\/wp-json\/wp\/v2\/media?parent=2060"}],"wp:term":[{"taxonomy":"category","embeddable":true,"href":"https:\/\/www.lempikuoro.fi\/en\/wp-json\/wp\/v2\/categories?post=2060"},{"taxonomy":"post_tag","embeddable":true,"href":"https:\/\/www.lempikuoro.fi\/en\/wp-json\/wp\/v2\/tags?post=2060"}],"curies":[{"name":"wp","href":"https:\/\/api.w.org\/{rel}","templated":true}]}}