{"id":1268,"date":"2021-09-15T20:05:54","date_gmt":"2021-09-15T18:05:54","guid":{"rendered":"https:\/\/www.lempikuoro.fi\/?p=1268"},"modified":"2021-09-18T09:46:28","modified_gmt":"2021-09-18T07:46:28","slug":"yhdessa-olemme-konsertin-liput-varattavissa","status":"publish","type":"post","link":"https:\/\/www.lempikuoro.fi\/en\/2021\/09\/15\/yhdessa-olemme-konsertin-liput-varattavissa\/","title":{"rendered":"Yhdess\u00e4 olemme \u2011konsertin liput varattavissa!"},"content":{"rendered":"<div class=\"wp-block-image caption-align-center\"><figure class=\"aligncenter size-large\"><img decoding=\"async\" loading=\"lazy\" width=\"999\" height=\"516\" src=\"https:\/\/www.lempikuoro.fi\/wp-content\/uploads\/2021\/09\/Screenshot-2021-09-18-at-9.42.37.png\" alt class=\"wp-image-1279\" srcset=\"https:\/\/www.lempikuoro.fi\/wp-content\/uploads\/2021\/09\/Screenshot-2021-09-18-at-9.42.37.png 999w, https:\/\/www.lempikuoro.fi\/wp-content\/uploads\/2021\/09\/Screenshot-2021-09-18-at-9.42.37-600x310.png 600w, https:\/\/www.lempikuoro.fi\/wp-content\/uploads\/2021\/09\/Screenshot-2021-09-18-at-9.42.37-300x155.png 300w, https:\/\/www.lempikuoro.fi\/wp-content\/uploads\/2021\/09\/Screenshot-2021-09-18-at-9.42.37-768x397.png 768w\" sizes=\"(max-width: 999px) 100vw, 999px\"><\/figure><\/div>\n\n\n\n<p class=\"has-text-align-center\">Janne Masa\u00adlinin ja Lempi\u00adkuoron ainut\u00adlaa\u00adtuinen yhteis\u00adkon\u00adsertti \u201dYhdess\u00e4 olemme\u201d kajahtaa<br>Paava\u00adlin\u00adkir\u00adkossa tors\u00adtaina 7.10.2021 klo 19.00. Konser\u00adtissa kuul\u00adlaan Julia Laineman uniik\u00adkeja<br>kuoro\u00adso\u00advi\u00adtuksia Masa\u00adlinin kappa\u00adlei\u00adsiin t\u00e4m\u00e4n 40-vuotis\u00adp\u00e4iv\u00e4n kunniaksi.<br><br>Kuoro\u00adyh\u00adteisty\u00f6 on Masa\u00adlinin pitk\u00e4\u00adai\u00adkainen haave ja ensi\u00adsi\u00adjainen synt\u00adt\u00e4\u00adri\u00adlah\u00adja\u00adtoive 40-<br>vuotis\u00adp\u00e4i\u00adv\u00e4ksi. Konsertti on my\u00f6s Lempi\u00adkuo\u00adrolle ja johta\u00adjal\u00adleen ennak\u00adko\u00adluu\u00adlot\u00adtoman riemukas ja<br>omalei\u00admainen projekti.<br><br>VARMISTA PAIK\u00adKASI KONSER\u00adTISSA VARAA\u00adMALLA LIPPUSI ETUK\u00c4\u00adTEEN. LIPPUJA<br>ON J\u00c4LJELL\u00c4 HYVIN RAJAL\u00adLINEN M\u00c4\u00c4R\u00c4!<br><br><strong><a href=\"https:\/\/forms.gle\/e1uHU4nBFAd3a2SR9\" class=\"ek-link\">VARAA LIPPUSI T\u00c4\u00c4LT\u00c4<\/a><\/strong><br><a href=\"https:\/\/forms.gle\/e1uHU4nBFAd3a2SR9\" class=\"ek-link\"><\/a><br>Saat onnis\u00adtu\u00adneesta varauk\u00adsesta vahvis\u00adtuksen s\u00e4hk\u00f6\u00adpos\u00adtiisi.<br><br><strong>Perus\u00adlippu 25\u20ac<br>Lippu + k\u00e4sioh\u00adjelma \u2011paketti 40\u20ac<\/strong><br><br>Vain varaukset ovat mahdol\u00adlisia, ei etuk\u00e4\u00adteis\u00admyynti\u00e4. Varatut liput lunas\u00adte\u00adtaan ja makse\u00adtaan<br>Paava\u00adlin\u00adkirkon ovella 7.10. ennen konserttia klo 17:00 \u2013 18:45, jonka j\u00e4lkeen lunas\u00adta\u00admat\u00adto\u00admien lippujen<br>varaukset raukeavat.<br><br>Ovella myyn\u00adniss\u00e4 my\u00f6s (mik\u00e4li j\u00e4ljell\u00e4):<br>25\u20ac perus\u00adlippu<br>40\u20ac lippu+k\u00e4siohjelma \u2011paketti<br>18\u20ac (alen\u00adnus\u00adryhm\u00e4t)<\/p>\n\n\n\n<p class=\"has-text-align-center\">Maksu\u00adtavat: MobilePay\/k\u00e4teinen.<br><br>L\u00e4mpi\u00adm\u00e4sti terve\u00adtuloa! &lt;3<br><br>**<\/p>\n\n\n\n<p class=\"has-text-align-center\"><br><br><strong>JANNE MASALIN<\/strong><br>Janne Masalin tunne\u00adtaan ujos\u00adte\u00adle\u00admat\u00adtoman Tundra\u00adma\u00adtiksin sek\u00e4 13-p\u00e4isen totaa\u00adlisen torvib\u00e4ndin<br>Bad Ass Brass Bandin eloi\u00adsana keula\u00adhah\u00admona, haita\u00adristi-laula\u00adjana, sanoit\u00adta\u00adjana ja p\u00e4\u00e4asial\u00adli\u00adsena<br>biisin\u00adte\u00adki\u00adj\u00e4n\u00e4. Kev\u00e4\u00e4ll\u00e4 2020 julkaistun soolo\u00adde\u00adbyytin \u201dYhdess\u00e4 olemme alasti\u201d singlet&nbsp;<em>Tuulia\u00adjolla<\/em>,<br><em>On y\u00f6<\/em> and <em>Gospel sumun keskell\u00e4<\/em>&nbsp;ovat soineet tiuhaan ja laajasti koti\u00admai\u00adsilla radio\u00adka\u00adna\u00advilla.<br><a href=\"http:\/\/Fullsteam.fi\/fi\/artistit\/janne-masalin\" class=\"ek-link\">Fullsteam.fi\/fi\/artistit\/janne-masalin<\/a> \/ <a href=\"http:\/\/instagram.com\/jannemasalin\" class=\"ek-link\">instagram.com\/jannemasalin<\/a><br><br><strong>LEMPI\u00adKUORO<\/strong><br>Lempi\u00adkuoro on syksyll\u00e4 2019 perus\u00adtettu helsin\u00adki\u00adl\u00e4inen seka\u00adkuoro, jota johtaa kuoron\u00adjoh\u00adtaja-<br>musiik\u00adki\u00adpe\u00adda\u00adgogi Julia Lainema. Koke\u00adneista laula\u00adjays\u00adt\u00e4\u00advist\u00e4 muodos\u00adtettu kuoro koet\u00adtelee<br>toimin\u00adnas\u00adsaan uteli\u00adaasti kuoro\u00adgenren rajoja ja heit\u00adt\u00e4ytyy nytkin uska\u00adli\u00adaasti uusiin vesiin.&nbsp;<br><a href=\"http:\/\/www.lempikuoro.fi\/en\/\" class=\"ek-link\">www.lempikuoro.fi<\/a> \/ <a href=\"http:\/\/www.instagram.com\/lempikuoro\" class=\"ek-link\">instagram.com\/lempikuoro<\/a><br><br><strong>TAPAH\u00adTUMAN MAHDOL\u00adLIS\u00adTAVAT<\/strong><br>Fat Lizard<br>Ghocon<br>Mesenatti.fi-kampanjan ennak\u00adko\u00adlip\u00adpujen ostajat<br><a href=\"https:\/\/mesenaatti.me\/2130\/yhdessa-olemme-janne-masalin-x-lempikuoro\" class=\"ek-link\">https:\/\/mesenaatti.me\/2130\/yhdessa-olemme-<br>janne-masalin-x-lempi\u00adkuoro<\/a><br><br>&lt;3 Valtava ja lempe\u00e4 kiitos kaikille mese\u00adnaa\u00adteille! &lt;3<br><br><strong>LIS\u00c4\u00adTIEDOT<\/strong><br>info@lempikuoro.fi<br><br>**<\/p>\n\n\n\n<figure class=\"wp-block-embed is-type-video is-provider-youtube wp-block-embed-youtube wp-embed-aspect-16-9 wp-has-aspect-ratio\"><div class=\"wp-block-embed__wrapper\">\n<iframe loading=\"lazy\" title=\"Yhdess\u00e4 olemme \u2013&nbsp;Janne Masalin x Lempikuoro (Mesenaattikampanjan trailer)\" width=\"580\" height=\"326\" src=\"https:\/\/www.youtube.com\/embed\/FeNHGXJRzYE?feature=oembed\" frameborder=\"0\" allow=\"accelerometer; autoplay; clipboard-write; encrypted-media; gyroscope; picture-in-picture\" allowfullscreen><\/iframe>\n<\/div><\/figure>","protected":false},"excerpt":{"rendered":"<p>Janne Masalinin ja Lempikuoron ainutlaatuinen yhteiskonsertti &#8221;Yhdess\u00e4 olemme\u201d kajahtaaPaavalinkirkossa torstaina 7.10.2021 klo 19.00. Konsertissa kuullaan Julia Laineman uniikkejakuorosovituksia Masalinin kappaleisiin t\u00e4m\u00e4n 40-vuotisp\u00e4iv\u00e4n kunniaksi. Kuoroyhteisty\u00f6 on Masalinin pitk\u00e4aikainen haave ja ensisijainen syntt\u00e4rilahjatoive 40-vuotisp\u00e4iv\u00e4ksi. Konsertti on my\u00f6s Lempikuorolle ja johtajalleen ennakkoluulottoman riemukas jaomaleimainen projekti. VARMISTA PAIKKASI KONSERTISSA VARAAMALLA LIPPUSI ETUK\u00c4TEEN. LIPPUJAON J\u00c4LJELL\u00c4 HYVIN RAJALLINEN M\u00c4\u00c4R\u00c4! VARAA LIPPUSI [&hellip;]<\/p>\n","protected":false},"author":1,"featured_media":1279,"comment_status":"open","ping_status":"open","sticky":false,"template":"","format":"standard","meta":{"_editorskit_title_hidden":false,"_editorskit_reading_time":1,"_editorskit_is_block_options_detached":false,"_editorskit_block_options_position":"{}","_coblocks_attr":"","_coblocks_dimensions":"","_coblocks_responsive_height":"","_coblocks_accordion_ie_support":"","wp_typography_post_enhancements_disabled":false,"_monsterinsights_skip_tracking":false,"_monsterinsights_sitenote_active":false,"_monsterinsights_sitenote_note":"","_monsterinsights_sitenote_category":0,"cybocfi_hide_featured_image":"yes"},"categories":[5],"tags":[39,37,13,10,38],"featured_image_urls_v2":{"full":["https:\/\/www.lempikuoro.fi\/wp-content\/uploads\/2021\/09\/Screenshot-2021-09-18-at-9.42.37.png",999,516,false],"thumbnail":["https:\/\/www.lempikuoro.fi\/wp-content\/uploads\/2021\/09\/Screenshot-2021-09-18-at-9.42.37-150x150.png",150,150,true],"medium":["https:\/\/www.lempikuoro.fi\/wp-content\/uploads\/2021\/09\/Screenshot-2021-09-18-at-9.42.37-300x155.png",300,155,true],"medium_large":["https:\/\/www.lempikuoro.fi\/wp-content\/uploads\/2021\/09\/Screenshot-2021-09-18-at-9.42.37-768x397.png",580,300,true],"large":["https:\/\/www.lempikuoro.fi\/wp-content\/uploads\/2021\/09\/Screenshot-2021-09-18-at-9.42.37.png",580,300,false],"1536x1536":["https:\/\/www.lempikuoro.fi\/wp-content\/uploads\/2021\/09\/Screenshot-2021-09-18-at-9.42.37.png",999,516,false],"2048x2048":["https:\/\/www.lempikuoro.fi\/wp-content\/uploads\/2021\/09\/Screenshot-2021-09-18-at-9.42.37.png",999,516,false],"trp-custom-language-flag":["https:\/\/www.lempikuoro.fi\/wp-content\/uploads\/2021\/09\/Screenshot-2021-09-18-at-9.42.37.png",18,9,false],"ab-block-post-grid-landscape":["https:\/\/www.lempikuoro.fi\/wp-content\/uploads\/2021\/09\/Screenshot-2021-09-18-at-9.42.37-600x400.png",600,400,true],"ab-block-post-grid-square":["https:\/\/www.lempikuoro.fi\/wp-content\/uploads\/2021\/09\/Screenshot-2021-09-18-at-9.42.37-600x516.png",600,516,true],"ultp_layout_landscape_large":["https:\/\/www.lempikuoro.fi\/wp-content\/uploads\/2021\/09\/Screenshot-2021-09-18-at-9.42.37.png",999,516,false],"ultp_layout_landscape":["https:\/\/www.lempikuoro.fi\/wp-content\/uploads\/2021\/09\/Screenshot-2021-09-18-at-9.42.37-870x516.png",870,516,true],"ultp_layout_portrait":["https:\/\/www.lempikuoro.fi\/wp-content\/uploads\/2021\/09\/Screenshot-2021-09-18-at-9.42.37-600x516.png",600,516,true],"ultp_layout_square":["https:\/\/www.lempikuoro.fi\/wp-content\/uploads\/2021\/09\/Screenshot-2021-09-18-at-9.42.37-600x516.png",600,516,true],"post-thumbnail":["https:\/\/www.lempikuoro.fi\/wp-content\/uploads\/2021\/09\/Screenshot-2021-09-18-at-9.42.37.png",999,516,false],"twentytwenty-fullscreen":["https:\/\/www.lempikuoro.fi\/wp-content\/uploads\/2021\/09\/Screenshot-2021-09-18-at-9.42.37.png",999,516,false],"woocommerce_thumbnail":["https:\/\/www.lempikuoro.fi\/wp-content\/uploads\/2021\/09\/Screenshot-2021-09-18-at-9.42.37-450x450.png",450,450,true],"woocommerce_single":["https:\/\/www.lempikuoro.fi\/wp-content\/uploads\/2021\/09\/Screenshot-2021-09-18-at-9.42.37-600x310.png",600,310,true],"woocommerce_gallery_thumbnail":["https:\/\/www.lempikuoro.fi\/wp-content\/uploads\/2021\/09\/Screenshot-2021-09-18-at-9.42.37-100x100.png",100,100,true]},"post_excerpt_stackable_v2":"<p>Janne Masalinin ja Lempikuoron ainutlaatuinen yhteiskonsertti &#8221;Yhdess\u00e4 olemme\u201d kajahtaaPaavalinkirkossa torstaina 7.10.2021 klo 19.00. Konsertissa kuullaan Julia Laineman uniikkejakuorosovituksia Masalinin kappaleisiin t\u00e4m\u00e4n 40-vuotisp\u00e4iv\u00e4n kunniaksi.Kuoroyhteisty\u00f6 on Masalinin pitk\u00e4aikainen haave ja ensisijainen syntt\u00e4rilahjatoive 40-vuotisp\u00e4iv\u00e4ksi. Konsertti on my\u00f6s Lempikuorolle ja johtajalleen ennakkoluulottoman riemukas jaomaleimainen projekti.VARMISTA PAIKKASI KONSERTISSA VARAAMALLA LIPPUSI ETUK\u00c4TEEN. LIPPUJAON J\u00c4LJELL\u00c4 HYVIN RAJALLINEN M\u00c4\u00c4R\u00c4!VARAA LIPPUSI T\u00c4\u00c4LT\u00c4Saat onnistuneesta varauksesta vahvistuksen s\u00e4hk\u00f6postiisi.Peruslippu 25\u20acLippu + k\u00e4siohjelma -paketti 40\u20acVain varaukset ovat mahdollisia, ei etuk\u00e4teismyynti\u00e4. Varatut liput lunastetaan ja maksetaanPaavalinkirkon ovella 7.10. ennen konserttia klo 17:00 &#8211; 18:45, jonka j\u00e4lkeen lunastamattomien lippujenvaraukset raukeavat.Ovella myynniss\u00e4 my\u00f6s (mik\u00e4li j\u00e4ljell\u00e4):25\u20ac peruslippu40\u20ac lippu+k\u00e4siohjelma -paketti18\u20ac (alennusryhm\u00e4t) Maksutavat: MobilePay\/k\u00e4teinen.L\u00e4mpim\u00e4sti tervetuloa! &lt;3** JANNE MASALINJanne Masalin&hellip;<\/p>\n","category_list_v2":"<a href=\"https:\/\/www.lempikuoro.fi\/en\/category\/blog\/konsertit\/\" rel=\"category tag\">Konsertit<\/a>","author_info_v2":{"name":"admin","url":"https:\/\/www.lempikuoro.fi\/en\/author\/admin\/"},"comments_num_v2":"0 comments","yoast_head":"<!-- This site is optimized with the Yoast SEO plugin v21.5 - https:\/\/yoast.com\/wordpress\/plugins\/seo\/ -->\n<title>Yhdess\u00e4 olemme -konsertin liput varattavissa! - Lempikuoro<\/title>\n<meta name=\"description\" content=\"Tue Lempikuoroa ja Janne Masalinia yhteiskonsertin mahdollistamisessa osallistumalla joukkorahoituskampanjaan!\" \/>\n<meta name=\"robots\" content=\"index, follow, max-snippet:-1, max-image-preview:large, max-video-preview:-1\" \/>\n<link rel=\"canonical\" href=\"https:\/\/www.lempikuoro.fi\/en\/2021\/09\/15\/yhdessa-olemme-konsertin-liput-varattavissa\/\" \/>\n<meta property=\"og:locale\" content=\"en_GB\" \/>\n<meta property=\"og:type\" content=\"article\" \/>\n<meta property=\"og:title\" content=\"Yhdess\u00e4 olemme -konsertin liput varattavissa! - Lempikuoro\" \/>\n<meta property=\"og:description\" content=\"Tue Lempikuoroa ja Janne Masalinia yhteiskonsertin mahdollistamisessa osallistumalla joukkorahoituskampanjaan!\" \/>\n<meta property=\"og:url\" content=\"https:\/\/www.lempikuoro.fi\/en\/2021\/09\/15\/yhdessa-olemme-konsertin-liput-varattavissa\/\" \/>\n<meta property=\"og:site_name\" content=\"Lempikuoro\" \/>\n<meta property=\"article:publisher\" content=\"https:\/\/www.facebook.com\/lempikuoro\" \/>\n<meta property=\"article:published_time\" content=\"2021-09-15T18:05:54+00:00\" \/>\n<meta property=\"article:modified_time\" content=\"2021-09-18T07:46:28+00:00\" \/>\n<meta property=\"og:image\" content=\"https:\/\/www.lempikuoro.fi\/wp-content\/uploads\/2021\/09\/Screenshot-2021-09-18-at-9.42.37.png\" \/>\n\t<meta property=\"og:image:width\" content=\"999\" \/>\n\t<meta property=\"og:image:height\" content=\"516\" \/>\n\t<meta property=\"og:image:type\" content=\"image\/png\" \/>\n<meta name=\"author\" content=\"admin\" \/>\n<meta name=\"twitter:card\" content=\"summary_large_image\" \/>\n<meta name=\"twitter:label1\" content=\"Written by\" \/>\n\t<meta name=\"twitter:data1\" content=\"admin\" \/>\n\t<meta name=\"twitter:label2\" content=\"Estimated reading time\" \/>\n\t<meta name=\"twitter:data2\" content=\"2 minutes\" \/>\n<script type=\"application\/ld+json\" class=\"yoast-schema-graph\">{\"@context\":\"https:\/\/schema.org\",\"@graph\":[{\"@type\":\"Article\",\"@id\":\"https:\/\/www.lempikuoro.fi\/2021\/09\/15\/yhdessa-olemme-konsertin-liput-varattavissa\/#article\",\"isPartOf\":{\"@id\":\"https:\/\/www.lempikuoro.fi\/2021\/09\/15\/yhdessa-olemme-konsertin-liput-varattavissa\/\"},\"author\":{\"name\":\"admin\",\"@id\":\"https:\/\/www.lempikuoro.fi\/#\/schema\/person\/185011046686135c41b1283b426e6606\"},\"headline\":\"Yhdess\u00e4 olemme -konsertin liput varattavissa!\",\"datePublished\":\"2021-09-15T18:05:54+00:00\",\"dateModified\":\"2021-09-18T07:46:28+00:00\",\"mainEntityOfPage\":{\"@id\":\"https:\/\/www.lempikuoro.fi\/2021\/09\/15\/yhdessa-olemme-konsertin-liput-varattavissa\/\"},\"wordCount\":251,\"commentCount\":0,\"publisher\":{\"@id\":\"https:\/\/www.lempikuoro.fi\/#organization\"},\"keywords\":[\"Janne Masalin\",\"konsertti\",\"kuoro\",\"lempikuoro\",\"Paavalinkirkko\"],\"articleSection\":[\"Konsertit\"],\"inLanguage\":\"en-GB\",\"potentialAction\":[{\"@type\":\"CommentAction\",\"name\":\"Comment\",\"target\":[\"https:\/\/www.lempikuoro.fi\/2021\/09\/15\/yhdessa-olemme-konsertin-liput-varattavissa\/#respond\"]}]},{\"@type\":\"WebPage\",\"@id\":\"https:\/\/www.lempikuoro.fi\/2021\/09\/15\/yhdessa-olemme-konsertin-liput-varattavissa\/\",\"url\":\"https:\/\/www.lempikuoro.fi\/2021\/09\/15\/yhdessa-olemme-konsertin-liput-varattavissa\/\",\"name\":\"Yhdess\u00e4 olemme -konsertin liput varattavissa! - Lempikuoro\",\"isPartOf\":{\"@id\":\"https:\/\/www.lempikuoro.fi\/#website\"},\"datePublished\":\"2021-09-15T18:05:54+00:00\",\"dateModified\":\"2021-09-18T07:46:28+00:00\",\"description\":\"Tue Lempikuoroa ja Janne Masalinia yhteiskonsertin mahdollistamisessa osallistumalla joukkorahoituskampanjaan!\",\"breadcrumb\":{\"@id\":\"https:\/\/www.lempikuoro.fi\/2021\/09\/15\/yhdessa-olemme-konsertin-liput-varattavissa\/#breadcrumb\"},\"inLanguage\":\"en-GB\",\"potentialAction\":[{\"@type\":\"ReadAction\",\"target\":[\"https:\/\/www.lempikuoro.fi\/2021\/09\/15\/yhdessa-olemme-konsertin-liput-varattavissa\/\"]}]},{\"@type\":\"BreadcrumbList\",\"@id\":\"https:\/\/www.lempikuoro.fi\/2021\/09\/15\/yhdessa-olemme-konsertin-liput-varattavissa\/#breadcrumb\",\"itemListElement\":[{\"@type\":\"ListItem\",\"position\":1,\"name\":\"Home\",\"item\":\"https:\/\/www.lempikuoro.fi\/\"},{\"@type\":\"ListItem\",\"position\":2,\"name\":\"Yhdess\u00e4 olemme \u2011konsertin liput varattavissa!\"}]},{\"@type\":\"WebSite\",\"@id\":\"https:\/\/www.lempikuoro.fi\/#website\",\"url\":\"https:\/\/www.lempikuoro.fi\/\",\"name\":\"Lempikuoro\",\"description\":\"\",\"publisher\":{\"@id\":\"https:\/\/www.lempikuoro.fi\/#organization\"},\"potentialAction\":[{\"@type\":\"SearchAction\",\"target\":{\"@type\":\"EntryPoint\",\"urlTemplate\":\"https:\/\/www.lempikuoro.fi\/?s={search_term_string}\"},\"query-input\":\"required name=search_term_string\"}],\"inLanguage\":\"en-GB\"},{\"@type\":\"Organization\",\"@id\":\"https:\/\/www.lempikuoro.fi\/#organization\",\"name\":\"Lempikuoro\",\"url\":\"https:\/\/www.lempikuoro.fi\/\",\"logo\":{\"@type\":\"ImageObject\",\"inLanguage\":\"en-GB\",\"@id\":\"https:\/\/www.lempikuoro.fi\/#\/schema\/logo\/image\/\",\"url\":\"https:\/\/www.lempikuoro.fi\/wp-content\/uploads\/2020\/10\/Lempilogo_mustavalko2-scaled.jpeg\",\"contentUrl\":\"https:\/\/www.lempikuoro.fi\/wp-content\/uploads\/2020\/10\/Lempilogo_mustavalko2-scaled.jpeg\",\"width\":2560,\"height\":1810,\"caption\":\"Lempikuoro\"},\"image\":{\"@id\":\"https:\/\/www.lempikuoro.fi\/#\/schema\/logo\/image\/\"},\"sameAs\":[\"https:\/\/www.facebook.com\/lempikuoro\",\"https:\/\/www.instagram.com\/lempikuoro\/\",\"https:\/\/www.youtube.com\/channel\/UCm_CS0Ua7SgpTTpxF7Q91dQ\"]},{\"@type\":\"Person\",\"@id\":\"https:\/\/www.lempikuoro.fi\/#\/schema\/person\/185011046686135c41b1283b426e6606\",\"name\":\"admin\",\"image\":{\"@type\":\"ImageObject\",\"inLanguage\":\"en-GB\",\"@id\":\"https:\/\/www.lempikuoro.fi\/#\/schema\/person\/image\/\",\"url\":\"https:\/\/secure.gravatar.com\/avatar\/183ff77e934b06afd54ca9ce7e0b3d45?s=96&d=mm&r=g\",\"contentUrl\":\"https:\/\/secure.gravatar.com\/avatar\/183ff77e934b06afd54ca9ce7e0b3d45?s=96&d=mm&r=g\",\"caption\":\"admin\"},\"sameAs\":[\"http:\/\/www.lempikuoro.fi\"]}]}<\/script>\n<!-- \/ Yoast SEO plugin. -->","yoast_head_json":{"title":"Yhdess\u00e4 olemme \u2011konsertin liput varat\u00adta\u00advissa! \u2014 Lempikuoro","description":"Tue Lempi\u00adkuoroa ja Janne Masa\u00adlinia yhteis\u00adkon\u00adsertin mahdol\u00adlis\u00adta\u00admi\u00adsessa osal\u00adlis\u00adtu\u00admalla joukkorahoituskampanjaan!","robots":{"index":"index","follow":"follow","max-snippet":"max-snippet:-1","max-image-preview":"max-image-preview:large","max-video-preview":"max-video-preview:-1"},"canonical":"https:\/\/www.lempikuoro.fi\/en\/2021\/09\/15\/yhdessa-olemme-konsertin-liput-varattavissa\/","og_locale":"en_GB","og_type":"article","og_title":"Yhdess\u00e4 olemme -konsertin liput varattavissa! - Lempikuoro","og_description":"Tue Lempikuoroa ja Janne Masalinia yhteiskonsertin mahdollistamisessa osallistumalla joukkorahoituskampanjaan!","og_url":"https:\/\/www.lempikuoro.fi\/en\/2021\/09\/15\/yhdessa-olemme-konsertin-liput-varattavissa\/","og_site_name":"Lempikuoro","article_publisher":"https:\/\/www.facebook.com\/lempikuoro","article_published_time":"2021-09-15T18:05:54+00:00","article_modified_time":"2021-09-18T07:46:28+00:00","og_image":[{"width":999,"height":516,"url":"https:\/\/www.lempikuoro.fi\/wp-content\/uploads\/2021\/09\/Screenshot-2021-09-18-at-9.42.37.png","type":"image\/png"}],"author":"admin","twitter_card":"summary_large_image","twitter_misc":{"Written by":"admin","Estimated reading time":"2 minutes"},"schema":{"@context":"https:\/\/schema.org","@graph":[{"@type":"Article","@id":"https:\/\/www.lempikuoro.fi\/2021\/09\/15\/yhdessa-olemme-konsertin-liput-varattavissa\/#article","isPartOf":{"@id":"https:\/\/www.lempikuoro.fi\/2021\/09\/15\/yhdessa-olemme-konsertin-liput-varattavissa\/"},"author":{"name":"admin","@id":"https:\/\/www.lempikuoro.fi\/#\/schema\/person\/185011046686135c41b1283b426e6606"},"headline":"Yhdess\u00e4 olemme -konsertin liput varattavissa!","datePublished":"2021-09-15T18:05:54+00:00","dateModified":"2021-09-18T07:46:28+00:00","mainEntityOfPage":{"@id":"https:\/\/www.lempikuoro.fi\/2021\/09\/15\/yhdessa-olemme-konsertin-liput-varattavissa\/"},"wordCount":251,"commentCount":0,"publisher":{"@id":"https:\/\/www.lempikuoro.fi\/#organization"},"keywords":["Janne Masalin","konsertti","kuoro","lempikuoro","Paavalinkirkko"],"articleSection":["Konsertit"],"inLanguage":"en-GB","potentialAction":[{"@type":"CommentAction","name":"Comment","target":["https:\/\/www.lempikuoro.fi\/2021\/09\/15\/yhdessa-olemme-konsertin-liput-varattavissa\/#respond"]}]},{"@type":"WebPage","@id":"https:\/\/www.lempikuoro.fi\/2021\/09\/15\/yhdessa-olemme-konsertin-liput-varattavissa\/","url":"https:\/\/www.lempikuoro.fi\/2021\/09\/15\/yhdessa-olemme-konsertin-liput-varattavissa\/","name":"Yhdess\u00e4 olemme \u2011konsertin liput varat\u00adta\u00advissa! \u2014 Lempikuoro","isPartOf":{"@id":"https:\/\/www.lempikuoro.fi\/#website"},"datePublished":"2021-09-15T18:05:54+00:00","dateModified":"2021-09-18T07:46:28+00:00","description":"Tue Lempi\u00adkuoroa ja Janne Masa\u00adlinia yhteis\u00adkon\u00adsertin mahdol\u00adlis\u00adta\u00admi\u00adsessa osal\u00adlis\u00adtu\u00admalla joukkorahoituskampanjaan!","breadcrumb":{"@id":"https:\/\/www.lempikuoro.fi\/2021\/09\/15\/yhdessa-olemme-konsertin-liput-varattavissa\/#breadcrumb"},"inLanguage":"en-GB","potentialAction":[{"@type":"ReadAction","target":["https:\/\/www.lempikuoro.fi\/2021\/09\/15\/yhdessa-olemme-konsertin-liput-varattavissa\/"]}]},{"@type":"BreadcrumbList","@id":"https:\/\/www.lempikuoro.fi\/2021\/09\/15\/yhdessa-olemme-konsertin-liput-varattavissa\/#breadcrumb","itemListElement":[{"@type":"ListItem","position":1,"name":"Home","item":"https:\/\/www.lempikuoro.fi\/"},{"@type":"ListItem","position":2,"name":"Yhdess\u00e4 olemme \u2011konsertin liput varattavissa!"}]},{"@type":"WebSite","@id":"https:\/\/www.lempikuoro.fi\/#website","url":"https:\/\/www.lempikuoro.fi\/","name":"Lempi\u00adkuoro","description":"","publisher":{"@id":"https:\/\/www.lempikuoro.fi\/#organization"},"potentialAction":[{"@type":"SearchAction","target":{"@type":"EntryPoint","urlTemplate":"https:\/\/www.lempikuoro.fi\/?s={search_term_string}"},"query-input":"required name=search_term_string"}],"inLanguage":"en-GB"},{"@type":"Organization","@id":"https:\/\/www.lempikuoro.fi\/#organization","name":"Lempi\u00adkuoro","url":"https:\/\/www.lempikuoro.fi\/","logo":{"@type":"ImageObject","inLanguage":"en-GB","@id":"https:\/\/www.lempikuoro.fi\/#\/schema\/logo\/image\/","url":"https:\/\/www.lempikuoro.fi\/wp-content\/uploads\/2020\/10\/Lempilogo_mustavalko2-scaled.jpeg","contentUrl":"https:\/\/www.lempikuoro.fi\/wp-content\/uploads\/2020\/10\/Lempilogo_mustavalko2-scaled.jpeg","width":2560,"height":1810,"caption":"Lempikuoro"},"image":{"@id":"https:\/\/www.lempikuoro.fi\/#\/schema\/logo\/image\/"},"sameAs":["https:\/\/www.facebook.com\/lempikuoro","https:\/\/www.instagram.com\/lempikuoro\/","https:\/\/www.youtube.com\/channel\/UCm_CS0Ua7SgpTTpxF7Q91dQ"]},{"@type":"Person","@id":"https:\/\/www.lempikuoro.fi\/#\/schema\/person\/185011046686135c41b1283b426e6606","name":"admin","image":{"@type":"ImageObject","inLanguage":"en-GB","@id":"https:\/\/www.lempikuoro.fi\/#\/schema\/person\/image\/","url":"https:\/\/secure.gravatar.com\/avatar\/183ff77e934b06afd54ca9ce7e0b3d45?s=96&d=mm&r=g","contentUrl":"https:\/\/secure.gravatar.com\/avatar\/183ff77e934b06afd54ca9ce7e0b3d45?s=96&d=mm&r=g","caption":"admin"},"sameAs":["http:\/\/www.lempikuoro.fi"]}]}},"featured_image_src":"https:\/\/www.lempikuoro.fi\/wp-content\/uploads\/2021\/09\/Screenshot-2021-09-18-at-9.42.37-600x400.png","featured_image_src_square":"https:\/\/www.lempikuoro.fi\/wp-content\/uploads\/2021\/09\/Screenshot-2021-09-18-at-9.42.37-600x516.png","author_info":{"display_name":"admin","author_link":"https:\/\/www.lempikuoro.fi\/en\/author\/admin\/"},"_links":{"self":[{"href":"https:\/\/www.lempikuoro.fi\/en\/wp-json\/wp\/v2\/posts\/1268"}],"collection":[{"href":"https:\/\/www.lempikuoro.fi\/en\/wp-json\/wp\/v2\/posts"}],"about":[{"href":"https:\/\/www.lempikuoro.fi\/en\/wp-json\/wp\/v2\/types\/post"}],"author":[{"embeddable":true,"href":"https:\/\/www.lempikuoro.fi\/en\/wp-json\/wp\/v2\/users\/1"}],"replies":[{"embeddable":true,"href":"https:\/\/www.lempikuoro.fi\/en\/wp-json\/wp\/v2\/comments?post=1268"}],"version-history":[{"count":6,"href":"https:\/\/www.lempikuoro.fi\/en\/wp-json\/wp\/v2\/posts\/1268\/revisions"}],"predecessor-version":[{"id":1280,"href":"https:\/\/www.lempikuoro.fi\/en\/wp-json\/wp\/v2\/posts\/1268\/revisions\/1280"}],"wp:featuredmedia":[{"embeddable":true,"href":"https:\/\/www.lempikuoro.fi\/en\/wp-json\/wp\/v2\/media\/1279"}],"wp:attachment":[{"href":"https:\/\/www.lempikuoro.fi\/en\/wp-json\/wp\/v2\/media?parent=1268"}],"wp:term":[{"taxonomy":"category","embeddable":true,"href":"https:\/\/www.lempikuoro.fi\/en\/wp-json\/wp\/v2\/categories?post=1268"},{"taxonomy":"post_tag","embeddable":true,"href":"https:\/\/www.lempikuoro.fi\/en\/wp-json\/wp\/v2\/tags?post=1268"}],"curies":[{"name":"wp","href":"https:\/\/api.w.org\/{rel}","templated":true}]}}