{"id":1253,"date":"2021-08-04T20:23:39","date_gmt":"2021-08-04T18:23:39","guid":{"rendered":"https:\/\/www.lempikuoro.fi\/?p=1253"},"modified":"2021-08-04T20:28:37","modified_gmt":"2021-08-04T18:28:37","slug":"syksyn2021-koelaulut","status":"publish","type":"post","link":"https:\/\/www.lempikuoro.fi\/en\/2021\/08\/04\/syksyn2021-koelaulut\/","title":{"rendered":"Autumn audi\u00adtions"},"content":{"rendered":"<h4 class=\"has-text-align-center has-background wp-block-heading\" style=\"background-color:#4087dd\">Etsimme uusia lempikuorolaisia tenori- ja bassostemmoihin!<\/h4>\n\n\n\n<p>Lempi\u00adkuoron syksyn koelaulut j\u00e4rjes\u00adte\u00adt\u00e4\u00e4n tors\u00adtaina <strong>2.9.2021 klo 17\u201319<\/strong> at Ruskeasuo Parish Center Rasti, located at Tenho\u00adlantie 6. Reserve your audi\u00adtion time and feel free to ask for more infor\u00adma\u00adtion by sending an email to: <a href=\"mailto:rekry@lempikuoro.fi\" class=\"ek-link\">rekry@lempikuoro.fi<\/a> Ilmot\u00adtau\u00adduthan koelau\u00adluihin viimeis\u00adt\u00e4\u00e4n edel\u00adli\u00adsen\u00e4 p\u00e4iv\u00e4n\u00e4 eli ke 1.9.2021.<br><br>Koelau\u00adluissa paikalla on kuoron\u00adjoh\u00adtaja Julia sek\u00e4 neli\u00adhen\u00adkinen musiik\u00adki\u00adlau\u00adta\u00adkunta.<br><br><strong>Koelaulun kulku:<\/strong><br>\u2219 Range testing with short melodic exercises<br>\u2219 Your own chosen song to sing without accom\u00adpa\u00adni\u00adment<br>\u2219 Lyhyt etuk\u00e4\u00adteen l\u00e4he\u00adtet\u00adt\u00e4v\u00e4 laulu\u00adteh\u00adt\u00e4v\u00e4<br>\u2219 Prima vista<br>\u2219 Inter\u00adview<br><br>Huomioimme vallit\u00adsevan koro\u00adna\u00adti\u00adlan\u00adteen vaatimat turval\u00adli\u00adsuus\u00adseikat sopivin turvae\u00adt\u00e4i\u00adsyyksin sek\u00e4 k\u00e4sien desin\u00adfioin\u00adti\u00admah\u00addol\u00adli\u00adsuuksin.<br><br>Lempi\u00adm\u00e4sti terve\u00adtuloa koelauluihin!<\/p>","protected":false},"excerpt":{"rendered":"<p>Etsimme uusia lempikuorolaisia tenori- ja bassostemmoihin! Lempikuoron syksyn koelaulut j\u00e4rjestet\u00e4\u00e4n torstaina 2.9.2021 klo 17-19 Ruskeasuolla seurakuntakeskus Rastissa, osoitteessa Tenholantie 6. Varaa itsellesi aika ja kysy tarvittaessa lis\u00e4\u00e4 l\u00e4hett\u00e4m\u00e4ll\u00e4 s\u00e4hk\u00f6postia: rekry@lempikuoro.fi Ilmottauduthan koelauluihin viimeist\u00e4\u00e4n edellisen\u00e4 p\u00e4iv\u00e4n\u00e4 eli ke 1.9.2021. Koelauluissa paikalla on kuoronjohtaja Julia sek\u00e4 nelihenkinen musiikkilautakunta. Koelaulun kulku:\u2219 \u00c4\u00e4nialan testaus lyhyill\u00e4 melodiatoistoilla\u2219 Oma vapaavalintainen kappale [&hellip;]<\/p>\n","protected":false},"author":1,"featured_media":1254,"comment_status":"closed","ping_status":"closed","sticky":false,"template":"","format":"standard","meta":{"_editorskit_title_hidden":false,"_editorskit_reading_time":1,"_editorskit_is_block_options_detached":false,"_editorskit_block_options_position":"{}","_coblocks_attr":"","_coblocks_dimensions":"","_coblocks_responsive_height":"","_coblocks_accordion_ie_support":"","wp_typography_post_enhancements_disabled":false,"_monsterinsights_skip_tracking":false,"_monsterinsights_sitenote_active":false,"_monsterinsights_sitenote_note":"","_monsterinsights_sitenote_category":0,"cybocfi_hide_featured_image":""},"categories":[35],"tags":[33,31,10,36,32],"featured_image_urls_v2":{"full":["https:\/\/www.lempikuoro.fi\/wp-content\/uploads\/2021\/08\/210802-Koelaulut-fb-event.png",4961,3508,false],"thumbnail":["https:\/\/www.lempikuoro.fi\/wp-content\/uploads\/2021\/08\/210802-Koelaulut-fb-event-150x150.png",150,150,true],"medium":["https:\/\/www.lempikuoro.fi\/wp-content\/uploads\/2021\/08\/210802-Koelaulut-fb-event-300x212.png",300,212,true],"medium_large":["https:\/\/www.lempikuoro.fi\/wp-content\/uploads\/2021\/08\/210802-Koelaulut-fb-event-768x543.png",580,410,true],"large":["https:\/\/www.lempikuoro.fi\/wp-content\/uploads\/2021\/08\/210802-Koelaulut-fb-event-1000x707.png",580,410,true],"1536x1536":["https:\/\/www.lempikuoro.fi\/wp-content\/uploads\/2021\/08\/210802-Koelaulut-fb-event-1536x1086.png",1536,1086,true],"2048x2048":["https:\/\/www.lempikuoro.fi\/wp-content\/uploads\/2021\/08\/210802-Koelaulut-fb-event-2048x1448.png",2048,1448,true],"trp-custom-language-flag":["https:\/\/www.lempikuoro.fi\/wp-content\/uploads\/2021\/08\/210802-Koelaulut-fb-event.png",18,12,false],"ab-block-post-grid-landscape":["https:\/\/www.lempikuoro.fi\/wp-content\/uploads\/2021\/08\/210802-Koelaulut-fb-event-600x400.png",600,400,true],"ab-block-post-grid-square":["https:\/\/www.lempikuoro.fi\/wp-content\/uploads\/2021\/08\/210802-Koelaulut-fb-event-600x600.png",600,600,true],"ultp_layout_landscape_large":["https:\/\/www.lempikuoro.fi\/wp-content\/uploads\/2021\/08\/210802-Koelaulut-fb-event-1200x800.png",1200,800,true],"ultp_layout_landscape":["https:\/\/www.lempikuoro.fi\/wp-content\/uploads\/2021\/08\/210802-Koelaulut-fb-event-870x570.png",870,570,true],"ultp_layout_portrait":["https:\/\/www.lempikuoro.fi\/wp-content\/uploads\/2021\/08\/210802-Koelaulut-fb-event-600x900.png",600,900,true],"ultp_layout_square":["https:\/\/www.lempikuoro.fi\/wp-content\/uploads\/2021\/08\/210802-Koelaulut-fb-event-600x600.png",600,600,true],"post-thumbnail":["https:\/\/www.lempikuoro.fi\/wp-content\/uploads\/2021\/08\/210802-Koelaulut-fb-event-1200x849.png",1200,849,true],"twentytwenty-fullscreen":["https:\/\/www.lempikuoro.fi\/wp-content\/uploads\/2021\/08\/210802-Koelaulut-fb-event-1980x1400.png",1980,1400,true],"woocommerce_thumbnail":["https:\/\/www.lempikuoro.fi\/wp-content\/uploads\/2021\/08\/210802-Koelaulut-fb-event-450x450.png",450,450,true],"woocommerce_single":["https:\/\/www.lempikuoro.fi\/wp-content\/uploads\/2021\/08\/210802-Koelaulut-fb-event-600x424.png",600,424,true],"woocommerce_gallery_thumbnail":["https:\/\/www.lempikuoro.fi\/wp-content\/uploads\/2021\/08\/210802-Koelaulut-fb-event-100x100.png",100,100,true]},"post_excerpt_stackable_v2":"<p>Etsimme uusia lempikuorolaisia tenori- ja bassostemmoihin! Lempikuoron syksyn koelaulut j\u00e4rjestet\u00e4\u00e4n torstaina 2.9.2021 klo 17-19 Ruskeasuolla seurakuntakeskus Rastissa, osoitteessa Tenholantie 6. Varaa itsellesi aika ja kysy tarvittaessa lis\u00e4\u00e4 l\u00e4hett\u00e4m\u00e4ll\u00e4 s\u00e4hk\u00f6postia: rekry@lempikuoro.fi Ilmottauduthan koelauluihin viimeist\u00e4\u00e4n edellisen\u00e4 p\u00e4iv\u00e4n\u00e4 eli ke 1.9.2021.Koelauluissa paikalla on kuoronjohtaja Julia sek\u00e4 nelihenkinen musiikkilautakunta.Koelaulun kulku:\u2219 \u00c4\u00e4nialan testaus lyhyill\u00e4 melodiatoistoilla\u2219 Oma vapaavalintainen kappale ilman s\u00e4estyst\u00e4\u2219 Lyhyt etuk\u00e4teen l\u00e4hetett\u00e4v\u00e4 lauluteht\u00e4v\u00e4\u2219 Prima vista\u2219 HaastatteluHuomioimme vallitsevan koronatilanteen vaatimat turvallisuusseikat sopivin turvaet\u00e4isyyksin sek\u00e4 k\u00e4sien desinfiointimahdollisuuksin.Lempim\u00e4sti tervetuloa koelauluihin!<\/p>\n","category_list_v2":"<a href=\"https:\/\/www.lempikuoro.fi\/en\/category\/blog\/koelaulut\/\" rel=\"category tag\">Koelaulut<\/a>","author_info_v2":{"name":"admin","url":"https:\/\/www.lempikuoro.fi\/en\/author\/admin\/"},"comments_num_v2":"0 comments","yoast_head":"<!-- This site is optimized with the Yoast SEO plugin v21.5 - https:\/\/yoast.com\/wordpress\/plugins\/seo\/ -->\n<title>Syksyn koelaulut - Lempikuoro<\/title>\n<meta name=\"description\" content=\"Lempikuoro j\u00e4rjest\u00e4\u00e4 syksyn 2021 koelaulut tenori- ja bassostemmoille torstaina 2.9.2021. Ota lis\u00e4\u00e4 selv\u00e4\u00e4 Lempikuorosta ja hae mukaan!\" \/>\n<meta name=\"robots\" content=\"index, follow, max-snippet:-1, max-image-preview:large, max-video-preview:-1\" \/>\n<link rel=\"canonical\" href=\"https:\/\/www.lempikuoro.fi\/en\/2021\/08\/04\/syksyn2021-koelaulut\/\" \/>\n<meta property=\"og:locale\" content=\"en_GB\" \/>\n<meta property=\"og:type\" content=\"article\" \/>\n<meta property=\"og:title\" content=\"Syksyn koelaulut - Lempikuoro\" \/>\n<meta property=\"og:description\" content=\"Lempikuoro j\u00e4rjest\u00e4\u00e4 syksyn 2021 koelaulut tenori- ja bassostemmoille torstaina 2.9.2021. Ota lis\u00e4\u00e4 selv\u00e4\u00e4 Lempikuorosta ja hae mukaan!\" \/>\n<meta property=\"og:url\" content=\"https:\/\/www.lempikuoro.fi\/en\/2021\/08\/04\/syksyn2021-koelaulut\/\" \/>\n<meta property=\"og:site_name\" content=\"Lempikuoro\" \/>\n<meta property=\"article:publisher\" content=\"https:\/\/www.facebook.com\/lempikuoro\" \/>\n<meta property=\"article:published_time\" content=\"2021-08-04T18:23:39+00:00\" \/>\n<meta property=\"article:modified_time\" content=\"2021-08-04T18:28:37+00:00\" \/>\n<meta property=\"og:image\" content=\"https:\/\/www.lempikuoro.fi\/wp-content\/uploads\/2021\/08\/210802-Koelaulut-fb-event.png\" \/>\n\t<meta property=\"og:image:width\" content=\"4961\" \/>\n\t<meta property=\"og:image:height\" content=\"3508\" \/>\n\t<meta property=\"og:image:type\" content=\"image\/png\" \/>\n<meta name=\"author\" content=\"admin\" \/>\n<meta name=\"twitter:card\" content=\"summary_large_image\" \/>\n<meta name=\"twitter:label1\" content=\"Written by\" \/>\n\t<meta name=\"twitter:data1\" content=\"admin\" \/>\n\t<meta name=\"twitter:label2\" content=\"Estimated reading time\" \/>\n\t<meta name=\"twitter:data2\" content=\"1 minute\" \/>\n<script type=\"application\/ld+json\" class=\"yoast-schema-graph\">{\"@context\":\"https:\/\/schema.org\",\"@graph\":[{\"@type\":\"Article\",\"@id\":\"https:\/\/www.lempikuoro.fi\/2021\/08\/04\/syksyn2021-koelaulut\/#article\",\"isPartOf\":{\"@id\":\"https:\/\/www.lempikuoro.fi\/2021\/08\/04\/syksyn2021-koelaulut\/\"},\"author\":{\"name\":\"admin\",\"@id\":\"https:\/\/www.lempikuoro.fi\/#\/schema\/person\/185011046686135c41b1283b426e6606\"},\"headline\":\"Syksyn koelaulut\",\"datePublished\":\"2021-08-04T18:23:39+00:00\",\"dateModified\":\"2021-08-04T18:28:37+00:00\",\"mainEntityOfPage\":{\"@id\":\"https:\/\/www.lempikuoro.fi\/2021\/08\/04\/syksyn2021-koelaulut\/\"},\"wordCount\":96,\"publisher\":{\"@id\":\"https:\/\/www.lempikuoro.fi\/#organization\"},\"keywords\":[\"bassot\",\"koelaulut\",\"lempikuoro\",\"syksy 2021\",\"tenorit\"],\"articleSection\":[\"Koelaulut\"],\"inLanguage\":\"en-GB\"},{\"@type\":\"WebPage\",\"@id\":\"https:\/\/www.lempikuoro.fi\/2021\/08\/04\/syksyn2021-koelaulut\/\",\"url\":\"https:\/\/www.lempikuoro.fi\/2021\/08\/04\/syksyn2021-koelaulut\/\",\"name\":\"Syksyn koelaulut - Lempikuoro\",\"isPartOf\":{\"@id\":\"https:\/\/www.lempikuoro.fi\/#website\"},\"datePublished\":\"2021-08-04T18:23:39+00:00\",\"dateModified\":\"2021-08-04T18:28:37+00:00\",\"description\":\"Lempikuoro j\u00e4rjest\u00e4\u00e4 syksyn 2021 koelaulut tenori- ja bassostemmoille torstaina 2.9.2021. Ota lis\u00e4\u00e4 selv\u00e4\u00e4 Lempikuorosta ja hae mukaan!\",\"breadcrumb\":{\"@id\":\"https:\/\/www.lempikuoro.fi\/2021\/08\/04\/syksyn2021-koelaulut\/#breadcrumb\"},\"inLanguage\":\"en-GB\",\"potentialAction\":[{\"@type\":\"ReadAction\",\"target\":[\"https:\/\/www.lempikuoro.fi\/2021\/08\/04\/syksyn2021-koelaulut\/\"]}]},{\"@type\":\"BreadcrumbList\",\"@id\":\"https:\/\/www.lempikuoro.fi\/2021\/08\/04\/syksyn2021-koelaulut\/#breadcrumb\",\"itemListElement\":[{\"@type\":\"ListItem\",\"position\":1,\"name\":\"Home\",\"item\":\"https:\/\/www.lempikuoro.fi\/\"},{\"@type\":\"ListItem\",\"position\":2,\"name\":\"Syksyn koelaulut\"}]},{\"@type\":\"WebSite\",\"@id\":\"https:\/\/www.lempikuoro.fi\/#website\",\"url\":\"https:\/\/www.lempikuoro.fi\/\",\"name\":\"Lempikuoro\",\"description\":\"\",\"publisher\":{\"@id\":\"https:\/\/www.lempikuoro.fi\/#organization\"},\"potentialAction\":[{\"@type\":\"SearchAction\",\"target\":{\"@type\":\"EntryPoint\",\"urlTemplate\":\"https:\/\/www.lempikuoro.fi\/?s={search_term_string}\"},\"query-input\":\"required name=search_term_string\"}],\"inLanguage\":\"en-GB\"},{\"@type\":\"Organization\",\"@id\":\"https:\/\/www.lempikuoro.fi\/#organization\",\"name\":\"Lempikuoro\",\"url\":\"https:\/\/www.lempikuoro.fi\/\",\"logo\":{\"@type\":\"ImageObject\",\"inLanguage\":\"en-GB\",\"@id\":\"https:\/\/www.lempikuoro.fi\/#\/schema\/logo\/image\/\",\"url\":\"https:\/\/www.lempikuoro.fi\/wp-content\/uploads\/2020\/10\/Lempilogo_mustavalko2-scaled.jpeg\",\"contentUrl\":\"https:\/\/www.lempikuoro.fi\/wp-content\/uploads\/2020\/10\/Lempilogo_mustavalko2-scaled.jpeg\",\"width\":2560,\"height\":1810,\"caption\":\"Lempikuoro\"},\"image\":{\"@id\":\"https:\/\/www.lempikuoro.fi\/#\/schema\/logo\/image\/\"},\"sameAs\":[\"https:\/\/www.facebook.com\/lempikuoro\",\"https:\/\/www.instagram.com\/lempikuoro\/\",\"https:\/\/www.youtube.com\/channel\/UCm_CS0Ua7SgpTTpxF7Q91dQ\"]},{\"@type\":\"Person\",\"@id\":\"https:\/\/www.lempikuoro.fi\/#\/schema\/person\/185011046686135c41b1283b426e6606\",\"name\":\"admin\",\"image\":{\"@type\":\"ImageObject\",\"inLanguage\":\"en-GB\",\"@id\":\"https:\/\/www.lempikuoro.fi\/#\/schema\/person\/image\/\",\"url\":\"https:\/\/secure.gravatar.com\/avatar\/183ff77e934b06afd54ca9ce7e0b3d45?s=96&d=mm&r=g\",\"contentUrl\":\"https:\/\/secure.gravatar.com\/avatar\/183ff77e934b06afd54ca9ce7e0b3d45?s=96&d=mm&r=g\",\"caption\":\"admin\"},\"sameAs\":[\"http:\/\/www.lempikuoro.fi\"]}]}<\/script>\n<!-- \/ Yoast SEO plugin. -->","yoast_head_json":{"title":"Syksyn koelaulut \u2014 Lempikuoro","description":"Lempi\u00adkuoro j\u00e4rjest\u00e4\u00e4 syksyn 2021 koelaulut tenori- ja bassos\u00adtem\u00admoille tors\u00adtaina 2.9.2021. Ota lis\u00e4\u00e4 selv\u00e4\u00e4 Lempi\u00adkuo\u00adrosta ja hae mukaan!","robots":{"index":"index","follow":"follow","max-snippet":"max-snippet:-1","max-image-preview":"max-image-preview:large","max-video-preview":"max-video-preview:-1"},"canonical":"https:\/\/www.lempikuoro.fi\/en\/2021\/08\/04\/syksyn2021-koelaulut\/","og_locale":"en_GB","og_type":"article","og_title":"Syksyn koelaulut - Lempikuoro","og_description":"Lempikuoro j\u00e4rjest\u00e4\u00e4 syksyn 2021 koelaulut tenori- ja bassostemmoille torstaina 2.9.2021. Ota lis\u00e4\u00e4 selv\u00e4\u00e4 Lempikuorosta ja hae mukaan!","og_url":"https:\/\/www.lempikuoro.fi\/en\/2021\/08\/04\/syksyn2021-koelaulut\/","og_site_name":"Lempikuoro","article_publisher":"https:\/\/www.facebook.com\/lempikuoro","article_published_time":"2021-08-04T18:23:39+00:00","article_modified_time":"2021-08-04T18:28:37+00:00","og_image":[{"width":4961,"height":3508,"url":"https:\/\/www.lempikuoro.fi\/wp-content\/uploads\/2021\/08\/210802-Koelaulut-fb-event.png","type":"image\/png"}],"author":"admin","twitter_card":"summary_large_image","twitter_misc":{"Written by":"admin","Estimated reading time":"1 minute"},"schema":{"@context":"https:\/\/schema.org","@graph":[{"@type":"Article","@id":"https:\/\/www.lempikuoro.fi\/2021\/08\/04\/syksyn2021-koelaulut\/#article","isPartOf":{"@id":"https:\/\/www.lempikuoro.fi\/2021\/08\/04\/syksyn2021-koelaulut\/"},"author":{"name":"admin","@id":"https:\/\/www.lempikuoro.fi\/#\/schema\/person\/185011046686135c41b1283b426e6606"},"headline":"Syksyn koelaulut","datePublished":"2021-08-04T18:23:39+00:00","dateModified":"2021-08-04T18:28:37+00:00","mainEntityOfPage":{"@id":"https:\/\/www.lempikuoro.fi\/2021\/08\/04\/syksyn2021-koelaulut\/"},"wordCount":96,"publisher":{"@id":"https:\/\/www.lempikuoro.fi\/#organization"},"keywords":["bassot","koelaulut","lempikuoro","syksy 2021","tenorit"],"articleSection":["Koelaulut"],"inLanguage":"en-GB"},{"@type":"WebPage","@id":"https:\/\/www.lempikuoro.fi\/2021\/08\/04\/syksyn2021-koelaulut\/","url":"https:\/\/www.lempikuoro.fi\/2021\/08\/04\/syksyn2021-koelaulut\/","name":"Syksyn koelaulut \u2014 Lempikuoro","isPartOf":{"@id":"https:\/\/www.lempikuoro.fi\/#website"},"datePublished":"2021-08-04T18:23:39+00:00","dateModified":"2021-08-04T18:28:37+00:00","description":"Lempi\u00adkuoro j\u00e4rjest\u00e4\u00e4 syksyn 2021 koelaulut tenori- ja bassos\u00adtem\u00admoille tors\u00adtaina 2.9.2021. Ota lis\u00e4\u00e4 selv\u00e4\u00e4 Lempi\u00adkuo\u00adrosta ja hae mukaan!","breadcrumb":{"@id":"https:\/\/www.lempikuoro.fi\/2021\/08\/04\/syksyn2021-koelaulut\/#breadcrumb"},"inLanguage":"en-GB","potentialAction":[{"@type":"ReadAction","target":["https:\/\/www.lempikuoro.fi\/2021\/08\/04\/syksyn2021-koelaulut\/"]}]},{"@type":"BreadcrumbList","@id":"https:\/\/www.lempikuoro.fi\/2021\/08\/04\/syksyn2021-koelaulut\/#breadcrumb","itemListElement":[{"@type":"ListItem","position":1,"name":"Home","item":"https:\/\/www.lempikuoro.fi\/"},{"@type":"ListItem","position":2,"name":"Syksyn koelaulut"}]},{"@type":"WebSite","@id":"https:\/\/www.lempikuoro.fi\/#website","url":"https:\/\/www.lempikuoro.fi\/","name":"Lempi\u00adkuoro","description":"","publisher":{"@id":"https:\/\/www.lempikuoro.fi\/#organization"},"potentialAction":[{"@type":"SearchAction","target":{"@type":"EntryPoint","urlTemplate":"https:\/\/www.lempikuoro.fi\/?s={search_term_string}"},"query-input":"required name=search_term_string"}],"inLanguage":"en-GB"},{"@type":"Organization","@id":"https:\/\/www.lempikuoro.fi\/#organization","name":"Lempi\u00adkuoro","url":"https:\/\/www.lempikuoro.fi\/","logo":{"@type":"ImageObject","inLanguage":"en-GB","@id":"https:\/\/www.lempikuoro.fi\/#\/schema\/logo\/image\/","url":"https:\/\/www.lempikuoro.fi\/wp-content\/uploads\/2020\/10\/Lempilogo_mustavalko2-scaled.jpeg","contentUrl":"https:\/\/www.lempikuoro.fi\/wp-content\/uploads\/2020\/10\/Lempilogo_mustavalko2-scaled.jpeg","width":2560,"height":1810,"caption":"Lempikuoro"},"image":{"@id":"https:\/\/www.lempikuoro.fi\/#\/schema\/logo\/image\/"},"sameAs":["https:\/\/www.facebook.com\/lempikuoro","https:\/\/www.instagram.com\/lempikuoro\/","https:\/\/www.youtube.com\/channel\/UCm_CS0Ua7SgpTTpxF7Q91dQ"]},{"@type":"Person","@id":"https:\/\/www.lempikuoro.fi\/#\/schema\/person\/185011046686135c41b1283b426e6606","name":"admin","image":{"@type":"ImageObject","inLanguage":"en-GB","@id":"https:\/\/www.lempikuoro.fi\/#\/schema\/person\/image\/","url":"https:\/\/secure.gravatar.com\/avatar\/183ff77e934b06afd54ca9ce7e0b3d45?s=96&d=mm&r=g","contentUrl":"https:\/\/secure.gravatar.com\/avatar\/183ff77e934b06afd54ca9ce7e0b3d45?s=96&d=mm&r=g","caption":"admin"},"sameAs":["http:\/\/www.lempikuoro.fi"]}]}},"featured_image_src":"https:\/\/www.lempikuoro.fi\/wp-content\/uploads\/2021\/08\/210802-Koelaulut-fb-event-600x400.png","featured_image_src_square":"https:\/\/www.lempikuoro.fi\/wp-content\/uploads\/2021\/08\/210802-Koelaulut-fb-event-600x600.png","author_info":{"display_name":"admin","author_link":"https:\/\/www.lempikuoro.fi\/en\/author\/admin\/"},"_links":{"self":[{"href":"https:\/\/www.lempikuoro.fi\/en\/wp-json\/wp\/v2\/posts\/1253"}],"collection":[{"href":"https:\/\/www.lempikuoro.fi\/en\/wp-json\/wp\/v2\/posts"}],"about":[{"href":"https:\/\/www.lempikuoro.fi\/en\/wp-json\/wp\/v2\/types\/post"}],"author":[{"embeddable":true,"href":"https:\/\/www.lempikuoro.fi\/en\/wp-json\/wp\/v2\/users\/1"}],"replies":[{"embeddable":true,"href":"https:\/\/www.lempikuoro.fi\/en\/wp-json\/wp\/v2\/comments?post=1253"}],"version-history":[{"count":2,"href":"https:\/\/www.lempikuoro.fi\/en\/wp-json\/wp\/v2\/posts\/1253\/revisions"}],"predecessor-version":[{"id":1256,"href":"https:\/\/www.lempikuoro.fi\/en\/wp-json\/wp\/v2\/posts\/1253\/revisions\/1256"}],"wp:featuredmedia":[{"embeddable":true,"href":"https:\/\/www.lempikuoro.fi\/en\/wp-json\/wp\/v2\/media\/1254"}],"wp:attachment":[{"href":"https:\/\/www.lempikuoro.fi\/en\/wp-json\/wp\/v2\/media?parent=1253"}],"wp:term":[{"taxonomy":"category","embeddable":true,"href":"https:\/\/www.lempikuoro.fi\/en\/wp-json\/wp\/v2\/categories?post=1253"},{"taxonomy":"post_tag","embeddable":true,"href":"https:\/\/www.lempikuoro.fi\/en\/wp-json\/wp\/v2\/tags?post=1253"}],"curies":[{"name":"wp","href":"https:\/\/api.w.org\/{rel}","templated":true}]}}