{"id":1216,"date":"2021-05-27T19:58:43","date_gmt":"2021-05-27T17:58:43","guid":{"rendered":"https:\/\/www.lempikuoro.fi\/?p=1216"},"modified":"2021-05-27T21:06:34","modified_gmt":"2021-05-27T19:06:34","slug":"yhdessa-olemme-tule-mukaan-joukkorahoitukseen","status":"publish","type":"post","link":"https:\/\/www.lempikuoro.fi\/en\/2021\/05\/27\/yhdessa-olemme-tule-mukaan-joukkorahoitukseen\/","title":{"rendered":"Yhdess\u00e4 olemme \/ Tule mahdol\u00adlis\u00adta\u00admaan konsertti!"},"content":{"rendered":"<div class=\"wp-block-image caption-align-center\"><figure class=\"aligncenter size-full\"><a href=\"https:\/\/mesenaatti.me\/2130\/yhdessa-olemme-janne-masalin-x-lempikuoro\/\" target=\"_blank\" rel=\"noopener\"><img decoding=\"async\" loading=\"lazy\" width=\"1499\" height=\"1000\" src=\"https:\/\/www.lempikuoro.fi\/wp-content\/uploads\/2021\/05\/001-lempikuoro-ja-janne-masalin-web-text.jpg\" alt=\"Janne Masalin ja Lempikuoro\" class=\"wp-image-1217\" srcset=\"https:\/\/www.lempikuoro.fi\/wp-content\/uploads\/2021\/05\/001-lempikuoro-ja-janne-masalin-web-text.jpg 1499w, https:\/\/www.lempikuoro.fi\/wp-content\/uploads\/2021\/05\/001-lempikuoro-ja-janne-masalin-web-text-600x400.jpg 600w, https:\/\/www.lempikuoro.fi\/wp-content\/uploads\/2021\/05\/001-lempikuoro-ja-janne-masalin-web-text-300x200.jpg 300w, https:\/\/www.lempikuoro.fi\/wp-content\/uploads\/2021\/05\/001-lempikuoro-ja-janne-masalin-web-text-1000x667.jpg 1000w, https:\/\/www.lempikuoro.fi\/wp-content\/uploads\/2021\/05\/001-lempikuoro-ja-janne-masalin-web-text-768x512.jpg 768w, https:\/\/www.lempikuoro.fi\/wp-content\/uploads\/2021\/05\/001-lempikuoro-ja-janne-masalin-web-text-1200x801.jpg 1200w\" sizes=\"(max-width: 1499px) 100vw, 1499px\"><\/a><\/figure><\/div>\n\n\n\n<p class=\"has-text-align-center\">Kev\u00e4t on ollut vaisu niin kult\u00adtuu\u00adria\u00adlalle kuin Lempi\u00adkuo\u00adrolle, mutta NYT on aika tukah\u00adduttaa hiljai\u00adsuus!<br><br>Lempi\u00adkuoron kev\u00e4\u00e4n kulis\u00adseissa on puuhattu rohkeaa paluuta lavoille ensi syksyksi, nimit\u00adt\u00e4in yhteis\u00adty\u00f6t\u00e4 letke\u00e4n\u00ads\u00e4rm\u00e4n Janne Masa\u00adlinin kanssa. <strong>Yhteis\u00adkon\u00adsertti \u201dYhdess\u00e4 olemme\u201d tulee t\u00e4yt\u00adt\u00e4\u00adm\u00e4\u00e4n ylh\u00e4n Paava\u00adlin\u00adkirkon genre\u00adra\u00adjoja rikkovin s\u00e4velin tors\u00adtaina 7.10.2021.<\/strong> Lempin taiteel\u00adlisen johtajan Julia Laineman uniikit kuoro\u00adso\u00advi\u00adtukset Masa\u00adlinin v\u00e4kev\u00e4n el\u00e4m\u00e4n\u00adma\u00adkui\u00adsiin kappa\u00adlei\u00adsiin tulevat samalla herkis\u00adt\u00e4\u00adm\u00e4\u00e4n ja voimaan\u00adnut\u00adta\u00admaan kirk\u00adko\u00adsalin kaikui\u00adsassa sylei\u00adlyss\u00e4. Kuun\u00adtele maku\u00adpala konsertin trai\u00adle\u00adrista alta!<br><br>Konsertti toteutuu tosin vain yhdell\u00e4 tavalla: yhteis\u00advoimin.<br><br>Tue Lempi\u00adkuoroa ja Jannea konsert\u00adtie\u00adl\u00e4\u00admyksen mahdol\u00adlis\u00adta\u00admi\u00adsessa osal\u00adlis\u00adtu\u00admalla jouk\u00adko\u00adra\u00adhoi\u00adtus\u00adkam\u00adpan\u00adjaamme. <strong>Osta lippusi ennak\u00adkoon jo nyt! <\/strong>Lippuja on rajoi\u00adte\u00adtusti, joten toimi vikke\u00adl\u00e4sti varmis\u00adtaak\u00adsesi paik\u00adkasi t\u00e4ss\u00e4 ainut\u00adlaa\u00adtui\u00adsessa konsertissa.&nbsp;<\/p>\n\n\n\n<p class=\"has-text-align-center\">Linkki mese\u00adnaat\u00adti\u00adkam\u00adpan\u00adjaan: <a href=\"https:\/\/mesenaatti.me\/2130\/yhdessa-olemme-janne-masalin-x-lempikuoro\/\" class=\"ek-link\">https:\/\/mesenaatti.me\/2130\/yhdessa-olemme-janne-masalin-x-lempikuoro\/<\/a><\/p>\n\n\n\n<figure class=\"wp-block-embed is-type-video is-provider-youtube wp-block-embed-youtube wp-embed-aspect-16-9 wp-has-aspect-ratio\"><div class=\"wp-block-embed__wrapper\">\n<iframe loading=\"lazy\" title=\"Yhdess\u00e4 olemme \u2013&nbsp;Janne Masalin x Lempikuoro (Mesenaattikampanjan trailer)\" width=\"580\" height=\"326\" src=\"https:\/\/www.youtube.com\/embed\/FeNHGXJRzYE?feature=oembed\" frameborder=\"0\" allow=\"accelerometer; autoplay; clipboard-write; encrypted-media; gyroscope; picture-in-picture\" allowfullscreen><\/iframe>\n<\/div><\/figure>","protected":false},"excerpt":{"rendered":"<p>Kev\u00e4t on ollut vaisu niin kulttuurialalle kuin Lempikuorolle, mutta NYT on aika tukahduttaa hiljaisuus! Lempikuoron kev\u00e4\u00e4n kulisseissa on puuhattu rohkeaa paluuta lavoille ensi syksyksi, nimitt\u00e4in yhteisty\u00f6t\u00e4 letke\u00e4ns\u00e4rm\u00e4n Janne Masalinin kanssa. Yhteiskonsertti &#8221;Yhdess\u00e4 olemme&#8221; tulee t\u00e4ytt\u00e4m\u00e4\u00e4n ylh\u00e4n Paavalinkirkon genrerajoja rikkovin s\u00e4velin torstaina 7.10.2021. Lempin taiteellisen johtajan Julia Laineman uniikit kuorosovitukset Masalinin v\u00e4kev\u00e4n el\u00e4m\u00e4nmakuisiin kappaleisiin tulevat samalla [&hellip;]<\/p>\n","protected":false},"author":1,"featured_media":1217,"comment_status":"open","ping_status":"open","sticky":false,"template":"","format":"standard","meta":{"_editorskit_title_hidden":false,"_editorskit_reading_time":1,"_editorskit_is_block_options_detached":false,"_editorskit_block_options_position":"{}","_coblocks_attr":"","_coblocks_dimensions":"","_coblocks_responsive_height":"","_coblocks_accordion_ie_support":"","wp_typography_post_enhancements_disabled":false,"_monsterinsights_skip_tracking":false,"_monsterinsights_sitenote_active":false,"_monsterinsights_sitenote_note":"","_monsterinsights_sitenote_category":0,"cybocfi_hide_featured_image":"yes"},"categories":[5],"tags":[],"featured_image_urls_v2":{"full":["https:\/\/www.lempikuoro.fi\/wp-content\/uploads\/2021\/05\/001-lempikuoro-ja-janne-masalin-web-text.jpg",1499,1000,false],"thumbnail":["https:\/\/www.lempikuoro.fi\/wp-content\/uploads\/2021\/05\/001-lempikuoro-ja-janne-masalin-web-text-150x150.jpg",150,150,true],"medium":["https:\/\/www.lempikuoro.fi\/wp-content\/uploads\/2021\/05\/001-lempikuoro-ja-janne-masalin-web-text-300x200.jpg",300,200,true],"medium_large":["https:\/\/www.lempikuoro.fi\/wp-content\/uploads\/2021\/05\/001-lempikuoro-ja-janne-masalin-web-text-768x512.jpg",580,387,true],"large":["https:\/\/www.lempikuoro.fi\/wp-content\/uploads\/2021\/05\/001-lempikuoro-ja-janne-masalin-web-text-1000x667.jpg",580,387,true],"1536x1536":["https:\/\/www.lempikuoro.fi\/wp-content\/uploads\/2021\/05\/001-lempikuoro-ja-janne-masalin-web-text.jpg",1499,1000,false],"2048x2048":["https:\/\/www.lempikuoro.fi\/wp-content\/uploads\/2021\/05\/001-lempikuoro-ja-janne-masalin-web-text.jpg",1499,1000,false],"trp-custom-language-flag":["https:\/\/www.lempikuoro.fi\/wp-content\/uploads\/2021\/05\/001-lempikuoro-ja-janne-masalin-web-text.jpg",18,12,false],"ab-block-post-grid-landscape":["https:\/\/www.lempikuoro.fi\/wp-content\/uploads\/2021\/05\/001-lempikuoro-ja-janne-masalin-web-text-600x400.jpg",600,400,true],"ab-block-post-grid-square":["https:\/\/www.lempikuoro.fi\/wp-content\/uploads\/2021\/05\/001-lempikuoro-ja-janne-masalin-web-text-600x600.jpg",600,600,true],"ultp_layout_landscape_large":["https:\/\/www.lempikuoro.fi\/wp-content\/uploads\/2021\/05\/001-lempikuoro-ja-janne-masalin-web-text-1200x800.jpg",1200,800,true],"ultp_layout_landscape":["https:\/\/www.lempikuoro.fi\/wp-content\/uploads\/2021\/05\/001-lempikuoro-ja-janne-masalin-web-text-870x570.jpg",870,570,true],"ultp_layout_portrait":["https:\/\/www.lempikuoro.fi\/wp-content\/uploads\/2021\/05\/001-lempikuoro-ja-janne-masalin-web-text-600x900.jpg",600,900,true],"ultp_layout_square":["https:\/\/www.lempikuoro.fi\/wp-content\/uploads\/2021\/05\/001-lempikuoro-ja-janne-masalin-web-text-600x600.jpg",600,600,true],"post-thumbnail":["https:\/\/www.lempikuoro.fi\/wp-content\/uploads\/2021\/05\/001-lempikuoro-ja-janne-masalin-web-text-1200x801.jpg",1200,801,true],"twentytwenty-fullscreen":["https:\/\/www.lempikuoro.fi\/wp-content\/uploads\/2021\/05\/001-lempikuoro-ja-janne-masalin-web-text.jpg",1499,1000,false],"woocommerce_thumbnail":["https:\/\/www.lempikuoro.fi\/wp-content\/uploads\/2021\/05\/001-lempikuoro-ja-janne-masalin-web-text-450x450.jpg",450,450,true],"woocommerce_single":["https:\/\/www.lempikuoro.fi\/wp-content\/uploads\/2021\/05\/001-lempikuoro-ja-janne-masalin-web-text-600x400.jpg",600,400,true],"woocommerce_gallery_thumbnail":["https:\/\/www.lempikuoro.fi\/wp-content\/uploads\/2021\/05\/001-lempikuoro-ja-janne-masalin-web-text-100x100.jpg",100,100,true]},"post_excerpt_stackable_v2":"<p>Kev\u00e4t on ollut vaisu niin kulttuurialalle kuin Lempikuorolle, mutta NYT on aika tukahduttaa hiljaisuus!Lempikuoron kev\u00e4\u00e4n kulisseissa on puuhattu rohkeaa paluuta lavoille ensi syksyksi, nimitt\u00e4in yhteisty\u00f6t\u00e4 letke\u00e4ns\u00e4rm\u00e4n Janne Masalinin kanssa. Yhteiskonsertti &#8221;Yhdess\u00e4 olemme&#8221; tulee t\u00e4ytt\u00e4m\u00e4\u00e4n ylh\u00e4n Paavalinkirkon genrerajoja rikkovin s\u00e4velin torstaina 7.10.2021. Lempin taiteellisen johtajan Julia Laineman uniikit kuorosovitukset Masalinin v\u00e4kev\u00e4n el\u00e4m\u00e4nmakuisiin kappaleisiin tulevat samalla herkist\u00e4m\u00e4\u00e4n ja voimaannuttamaan kirkkosalin kaikuisassa syleilyss\u00e4. Kuuntele makupala konsertin trailerista alta!Konsertti toteutuu tosin vain yhdell\u00e4 tavalla: yhteisvoimin.Tue Lempikuoroa ja Jannea konserttiel\u00e4myksen mahdollistamisessa osallistumalla joukkorahoituskampanjaamme. Osta lippusi ennakkoon jo nyt! Lippuja on rajoitetusti, joten toimi vikkel\u00e4sti varmistaaksesi paikkasi t\u00e4ss\u00e4 ainutlaatuisessa konsertissa. Linkki mesenaattikampanjaan: https:\/\/mesenaatti.me\/2130\/yhdessa-olemme-janne-masalin-x-lempikuoro\/<\/p>\n","category_list_v2":"<a href=\"https:\/\/www.lempikuoro.fi\/en\/category\/blog\/konsertit\/\" rel=\"category tag\">Konsertit<\/a>","author_info_v2":{"name":"admin","url":"https:\/\/www.lempikuoro.fi\/en\/author\/admin\/"},"comments_num_v2":"0 comments","yoast_head":"<!-- This site is optimized with the Yoast SEO plugin v21.5 - https:\/\/yoast.com\/wordpress\/plugins\/seo\/ -->\n<title>Yhdess\u00e4 olemme \/ Tule mahdollistamaan konsertti! - Lempikuoro<\/title>\n<meta name=\"description\" content=\"Tue Lempikuoroa ja Janne Masalinia yhteiskonsertin mahdollistamisessa osallistumalla joukkorahoituskampanjaan!\" \/>\n<meta name=\"robots\" content=\"index, follow, max-snippet:-1, max-image-preview:large, max-video-preview:-1\" \/>\n<link rel=\"canonical\" href=\"https:\/\/www.lempikuoro.fi\/en\/2021\/05\/27\/yhdessa-olemme-tule-mukaan-joukkorahoitukseen\/\" \/>\n<meta property=\"og:locale\" content=\"en_GB\" \/>\n<meta property=\"og:type\" content=\"article\" \/>\n<meta property=\"og:title\" content=\"Yhdess\u00e4 olemme \/ Tule mahdollistamaan konsertti! - Lempikuoro\" \/>\n<meta property=\"og:description\" content=\"Tue Lempikuoroa ja Janne Masalinia yhteiskonsertin mahdollistamisessa osallistumalla joukkorahoituskampanjaan!\" \/>\n<meta property=\"og:url\" content=\"https:\/\/www.lempikuoro.fi\/en\/2021\/05\/27\/yhdessa-olemme-tule-mukaan-joukkorahoitukseen\/\" \/>\n<meta property=\"og:site_name\" content=\"Lempikuoro\" \/>\n<meta property=\"article:publisher\" content=\"https:\/\/www.facebook.com\/lempikuoro\" \/>\n<meta property=\"article:published_time\" content=\"2021-05-27T17:58:43+00:00\" \/>\n<meta property=\"article:modified_time\" content=\"2021-05-27T19:06:34+00:00\" \/>\n<meta property=\"og:image\" content=\"https:\/\/www.lempikuoro.fi\/wp-content\/uploads\/2021\/05\/001-lempikuoro-ja-janne-masalin-web-text.jpg\" \/>\n\t<meta property=\"og:image:width\" content=\"1499\" \/>\n\t<meta property=\"og:image:height\" content=\"1000\" \/>\n\t<meta property=\"og:image:type\" content=\"image\/jpeg\" \/>\n<meta name=\"author\" content=\"admin\" \/>\n<meta name=\"twitter:card\" content=\"summary_large_image\" \/>\n<meta name=\"twitter:label1\" content=\"Written by\" \/>\n\t<meta name=\"twitter:data1\" content=\"admin\" \/>\n\t<meta name=\"twitter:label2\" content=\"Estimated reading time\" \/>\n\t<meta name=\"twitter:data2\" content=\"1 minute\" \/>\n<script type=\"application\/ld+json\" class=\"yoast-schema-graph\">{\"@context\":\"https:\/\/schema.org\",\"@graph\":[{\"@type\":\"Article\",\"@id\":\"https:\/\/www.lempikuoro.fi\/2021\/05\/27\/yhdessa-olemme-tule-mukaan-joukkorahoitukseen\/#article\",\"isPartOf\":{\"@id\":\"https:\/\/www.lempikuoro.fi\/2021\/05\/27\/yhdessa-olemme-tule-mukaan-joukkorahoitukseen\/\"},\"author\":{\"name\":\"admin\",\"@id\":\"https:\/\/www.lempikuoro.fi\/#\/schema\/person\/185011046686135c41b1283b426e6606\"},\"headline\":\"Yhdess\u00e4 olemme \/ Tule mahdollistamaan konsertti!\",\"datePublished\":\"2021-05-27T17:58:43+00:00\",\"dateModified\":\"2021-05-27T19:06:34+00:00\",\"mainEntityOfPage\":{\"@id\":\"https:\/\/www.lempikuoro.fi\/2021\/05\/27\/yhdessa-olemme-tule-mukaan-joukkorahoitukseen\/\"},\"wordCount\":132,\"commentCount\":0,\"publisher\":{\"@id\":\"https:\/\/www.lempikuoro.fi\/#organization\"},\"articleSection\":[\"Konsertit\"],\"inLanguage\":\"en-GB\",\"potentialAction\":[{\"@type\":\"CommentAction\",\"name\":\"Comment\",\"target\":[\"https:\/\/www.lempikuoro.fi\/2021\/05\/27\/yhdessa-olemme-tule-mukaan-joukkorahoitukseen\/#respond\"]}]},{\"@type\":\"WebPage\",\"@id\":\"https:\/\/www.lempikuoro.fi\/2021\/05\/27\/yhdessa-olemme-tule-mukaan-joukkorahoitukseen\/\",\"url\":\"https:\/\/www.lempikuoro.fi\/2021\/05\/27\/yhdessa-olemme-tule-mukaan-joukkorahoitukseen\/\",\"name\":\"Yhdess\u00e4 olemme \/ Tule mahdollistamaan konsertti! - Lempikuoro\",\"isPartOf\":{\"@id\":\"https:\/\/www.lempikuoro.fi\/#website\"},\"datePublished\":\"2021-05-27T17:58:43+00:00\",\"dateModified\":\"2021-05-27T19:06:34+00:00\",\"description\":\"Tue Lempikuoroa ja Janne Masalinia yhteiskonsertin mahdollistamisessa osallistumalla joukkorahoituskampanjaan!\",\"breadcrumb\":{\"@id\":\"https:\/\/www.lempikuoro.fi\/2021\/05\/27\/yhdessa-olemme-tule-mukaan-joukkorahoitukseen\/#breadcrumb\"},\"inLanguage\":\"en-GB\",\"potentialAction\":[{\"@type\":\"ReadAction\",\"target\":[\"https:\/\/www.lempikuoro.fi\/2021\/05\/27\/yhdessa-olemme-tule-mukaan-joukkorahoitukseen\/\"]}]},{\"@type\":\"BreadcrumbList\",\"@id\":\"https:\/\/www.lempikuoro.fi\/2021\/05\/27\/yhdessa-olemme-tule-mukaan-joukkorahoitukseen\/#breadcrumb\",\"itemListElement\":[{\"@type\":\"ListItem\",\"position\":1,\"name\":\"Home\",\"item\":\"https:\/\/www.lempikuoro.fi\/\"},{\"@type\":\"ListItem\",\"position\":2,\"name\":\"Yhdess\u00e4 olemme \/ Tule mahdol\u00adlis\u00adta\u00admaan konsertti!\"}]},{\"@type\":\"WebSite\",\"@id\":\"https:\/\/www.lempikuoro.fi\/#website\",\"url\":\"https:\/\/www.lempikuoro.fi\/\",\"name\":\"Lempikuoro\",\"description\":\"\",\"publisher\":{\"@id\":\"https:\/\/www.lempikuoro.fi\/#organization\"},\"potentialAction\":[{\"@type\":\"SearchAction\",\"target\":{\"@type\":\"EntryPoint\",\"urlTemplate\":\"https:\/\/www.lempikuoro.fi\/?s={search_term_string}\"},\"query-input\":\"required name=search_term_string\"}],\"inLanguage\":\"en-GB\"},{\"@type\":\"Organization\",\"@id\":\"https:\/\/www.lempikuoro.fi\/#organization\",\"name\":\"Lempikuoro\",\"url\":\"https:\/\/www.lempikuoro.fi\/\",\"logo\":{\"@type\":\"ImageObject\",\"inLanguage\":\"en-GB\",\"@id\":\"https:\/\/www.lempikuoro.fi\/#\/schema\/logo\/image\/\",\"url\":\"https:\/\/www.lempikuoro.fi\/wp-content\/uploads\/2020\/10\/Lempilogo_mustavalko2-scaled.jpeg\",\"contentUrl\":\"https:\/\/www.lempikuoro.fi\/wp-content\/uploads\/2020\/10\/Lempilogo_mustavalko2-scaled.jpeg\",\"width\":2560,\"height\":1810,\"caption\":\"Lempikuoro\"},\"image\":{\"@id\":\"https:\/\/www.lempikuoro.fi\/#\/schema\/logo\/image\/\"},\"sameAs\":[\"https:\/\/www.facebook.com\/lempikuoro\",\"https:\/\/www.instagram.com\/lempikuoro\/\",\"https:\/\/www.youtube.com\/channel\/UCm_CS0Ua7SgpTTpxF7Q91dQ\"]},{\"@type\":\"Person\",\"@id\":\"https:\/\/www.lempikuoro.fi\/#\/schema\/person\/185011046686135c41b1283b426e6606\",\"name\":\"admin\",\"image\":{\"@type\":\"ImageObject\",\"inLanguage\":\"en-GB\",\"@id\":\"https:\/\/www.lempikuoro.fi\/#\/schema\/person\/image\/\",\"url\":\"https:\/\/secure.gravatar.com\/avatar\/183ff77e934b06afd54ca9ce7e0b3d45?s=96&d=mm&r=g\",\"contentUrl\":\"https:\/\/secure.gravatar.com\/avatar\/183ff77e934b06afd54ca9ce7e0b3d45?s=96&d=mm&r=g\",\"caption\":\"admin\"},\"sameAs\":[\"http:\/\/www.lempikuoro.fi\"]}]}<\/script>\n<!-- \/ Yoast SEO plugin. -->","yoast_head_json":{"title":"Yhdess\u00e4 olemme \/ Tule mahdol\u00adlis\u00adta\u00admaan konsertti! \u2014 Lempikuoro","description":"Tue Lempi\u00adkuoroa ja Janne Masa\u00adlinia yhteis\u00adkon\u00adsertin mahdol\u00adlis\u00adta\u00admi\u00adsessa osal\u00adlis\u00adtu\u00admalla joukkorahoituskampanjaan!","robots":{"index":"index","follow":"follow","max-snippet":"max-snippet:-1","max-image-preview":"max-image-preview:large","max-video-preview":"max-video-preview:-1"},"canonical":"https:\/\/www.lempikuoro.fi\/en\/2021\/05\/27\/yhdessa-olemme-tule-mukaan-joukkorahoitukseen\/","og_locale":"en_GB","og_type":"article","og_title":"Yhdess\u00e4 olemme \/ Tule mahdollistamaan konsertti! - Lempikuoro","og_description":"Tue Lempikuoroa ja Janne Masalinia yhteiskonsertin mahdollistamisessa osallistumalla joukkorahoituskampanjaan!","og_url":"https:\/\/www.lempikuoro.fi\/en\/2021\/05\/27\/yhdessa-olemme-tule-mukaan-joukkorahoitukseen\/","og_site_name":"Lempikuoro","article_publisher":"https:\/\/www.facebook.com\/lempikuoro","article_published_time":"2021-05-27T17:58:43+00:00","article_modified_time":"2021-05-27T19:06:34+00:00","og_image":[{"width":1499,"height":1000,"url":"https:\/\/www.lempikuoro.fi\/wp-content\/uploads\/2021\/05\/001-lempikuoro-ja-janne-masalin-web-text.jpg","type":"image\/jpeg"}],"author":"admin","twitter_card":"summary_large_image","twitter_misc":{"Written by":"admin","Estimated reading time":"1 minute"},"schema":{"@context":"https:\/\/schema.org","@graph":[{"@type":"Article","@id":"https:\/\/www.lempikuoro.fi\/2021\/05\/27\/yhdessa-olemme-tule-mukaan-joukkorahoitukseen\/#article","isPartOf":{"@id":"https:\/\/www.lempikuoro.fi\/2021\/05\/27\/yhdessa-olemme-tule-mukaan-joukkorahoitukseen\/"},"author":{"name":"admin","@id":"https:\/\/www.lempikuoro.fi\/#\/schema\/person\/185011046686135c41b1283b426e6606"},"headline":"Yhdess\u00e4 olemme \/ Tule mahdollistamaan konsertti!","datePublished":"2021-05-27T17:58:43+00:00","dateModified":"2021-05-27T19:06:34+00:00","mainEntityOfPage":{"@id":"https:\/\/www.lempikuoro.fi\/2021\/05\/27\/yhdessa-olemme-tule-mukaan-joukkorahoitukseen\/"},"wordCount":132,"commentCount":0,"publisher":{"@id":"https:\/\/www.lempikuoro.fi\/#organization"},"articleSection":["Konsertit"],"inLanguage":"en-GB","potentialAction":[{"@type":"CommentAction","name":"Comment","target":["https:\/\/www.lempikuoro.fi\/2021\/05\/27\/yhdessa-olemme-tule-mukaan-joukkorahoitukseen\/#respond"]}]},{"@type":"WebPage","@id":"https:\/\/www.lempikuoro.fi\/2021\/05\/27\/yhdessa-olemme-tule-mukaan-joukkorahoitukseen\/","url":"https:\/\/www.lempikuoro.fi\/2021\/05\/27\/yhdessa-olemme-tule-mukaan-joukkorahoitukseen\/","name":"Yhdess\u00e4 olemme \/ Tule mahdol\u00adlis\u00adta\u00admaan konsertti! \u2014 Lempikuoro","isPartOf":{"@id":"https:\/\/www.lempikuoro.fi\/#website"},"datePublished":"2021-05-27T17:58:43+00:00","dateModified":"2021-05-27T19:06:34+00:00","description":"Tue Lempi\u00adkuoroa ja Janne Masa\u00adlinia yhteis\u00adkon\u00adsertin mahdol\u00adlis\u00adta\u00admi\u00adsessa osal\u00adlis\u00adtu\u00admalla joukkorahoituskampanjaan!","breadcrumb":{"@id":"https:\/\/www.lempikuoro.fi\/2021\/05\/27\/yhdessa-olemme-tule-mukaan-joukkorahoitukseen\/#breadcrumb"},"inLanguage":"en-GB","potentialAction":[{"@type":"ReadAction","target":["https:\/\/www.lempikuoro.fi\/2021\/05\/27\/yhdessa-olemme-tule-mukaan-joukkorahoitukseen\/"]}]},{"@type":"BreadcrumbList","@id":"https:\/\/www.lempikuoro.fi\/2021\/05\/27\/yhdessa-olemme-tule-mukaan-joukkorahoitukseen\/#breadcrumb","itemListElement":[{"@type":"ListItem","position":1,"name":"Home","item":"https:\/\/www.lempikuoro.fi\/"},{"@type":"ListItem","position":2,"name":"Yhdess\u00e4 olemme \/ Tule mahdol\u00adlis\u00adta\u00admaan konsertti!"}]},{"@type":"WebSite","@id":"https:\/\/www.lempikuoro.fi\/#website","url":"https:\/\/www.lempikuoro.fi\/","name":"Lempi\u00adkuoro","description":"","publisher":{"@id":"https:\/\/www.lempikuoro.fi\/#organization"},"potentialAction":[{"@type":"SearchAction","target":{"@type":"EntryPoint","urlTemplate":"https:\/\/www.lempikuoro.fi\/?s={search_term_string}"},"query-input":"required name=search_term_string"}],"inLanguage":"en-GB"},{"@type":"Organization","@id":"https:\/\/www.lempikuoro.fi\/#organization","name":"Lempi\u00adkuoro","url":"https:\/\/www.lempikuoro.fi\/","logo":{"@type":"ImageObject","inLanguage":"en-GB","@id":"https:\/\/www.lempikuoro.fi\/#\/schema\/logo\/image\/","url":"https:\/\/www.lempikuoro.fi\/wp-content\/uploads\/2020\/10\/Lempilogo_mustavalko2-scaled.jpeg","contentUrl":"https:\/\/www.lempikuoro.fi\/wp-content\/uploads\/2020\/10\/Lempilogo_mustavalko2-scaled.jpeg","width":2560,"height":1810,"caption":"Lempikuoro"},"image":{"@id":"https:\/\/www.lempikuoro.fi\/#\/schema\/logo\/image\/"},"sameAs":["https:\/\/www.facebook.com\/lempikuoro","https:\/\/www.instagram.com\/lempikuoro\/","https:\/\/www.youtube.com\/channel\/UCm_CS0Ua7SgpTTpxF7Q91dQ"]},{"@type":"Person","@id":"https:\/\/www.lempikuoro.fi\/#\/schema\/person\/185011046686135c41b1283b426e6606","name":"admin","image":{"@type":"ImageObject","inLanguage":"en-GB","@id":"https:\/\/www.lempikuoro.fi\/#\/schema\/person\/image\/","url":"https:\/\/secure.gravatar.com\/avatar\/183ff77e934b06afd54ca9ce7e0b3d45?s=96&d=mm&r=g","contentUrl":"https:\/\/secure.gravatar.com\/avatar\/183ff77e934b06afd54ca9ce7e0b3d45?s=96&d=mm&r=g","caption":"admin"},"sameAs":["http:\/\/www.lempikuoro.fi"]}]}},"featured_image_src":"https:\/\/www.lempikuoro.fi\/wp-content\/uploads\/2021\/05\/001-lempikuoro-ja-janne-masalin-web-text-600x400.jpg","featured_image_src_square":"https:\/\/www.lempikuoro.fi\/wp-content\/uploads\/2021\/05\/001-lempikuoro-ja-janne-masalin-web-text-600x600.jpg","author_info":{"display_name":"admin","author_link":"https:\/\/www.lempikuoro.fi\/en\/author\/admin\/"},"_links":{"self":[{"href":"https:\/\/www.lempikuoro.fi\/en\/wp-json\/wp\/v2\/posts\/1216"}],"collection":[{"href":"https:\/\/www.lempikuoro.fi\/en\/wp-json\/wp\/v2\/posts"}],"about":[{"href":"https:\/\/www.lempikuoro.fi\/en\/wp-json\/wp\/v2\/types\/post"}],"author":[{"embeddable":true,"href":"https:\/\/www.lempikuoro.fi\/en\/wp-json\/wp\/v2\/users\/1"}],"replies":[{"embeddable":true,"href":"https:\/\/www.lempikuoro.fi\/en\/wp-json\/wp\/v2\/comments?post=1216"}],"version-history":[{"count":13,"href":"https:\/\/www.lempikuoro.fi\/en\/wp-json\/wp\/v2\/posts\/1216\/revisions"}],"predecessor-version":[{"id":1251,"href":"https:\/\/www.lempikuoro.fi\/en\/wp-json\/wp\/v2\/posts\/1216\/revisions\/1251"}],"wp:featuredmedia":[{"embeddable":true,"href":"https:\/\/www.lempikuoro.fi\/en\/wp-json\/wp\/v2\/media\/1217"}],"wp:attachment":[{"href":"https:\/\/www.lempikuoro.fi\/en\/wp-json\/wp\/v2\/media?parent=1216"}],"wp:term":[{"taxonomy":"category","embeddable":true,"href":"https:\/\/www.lempikuoro.fi\/en\/wp-json\/wp\/v2\/categories?post=1216"},{"taxonomy":"post_tag","embeddable":true,"href":"https:\/\/www.lempikuoro.fi\/en\/wp-json\/wp\/v2\/tags?post=1216"}],"curies":[{"name":"wp","href":"https:\/\/api.w.org\/{rel}","templated":true}]}}